[{"command":"showMoreTeasers","id":"del--paragraph-797875","content":"\u003Ca href=\u0022\/ausfuehrung\/greenergy-data-center-nachhaltige-it-infrastruktur\u0022  class=\u0022teaser teaser--standard\u0022 aria-label=\u0022Greenergy Data Center:\u00a0nachhaltige IT-Infrastruktur\u0022\u003E\n      \u003Cdiv class=\u0022teaser-content--image\u0022\u003E\n        \u003Cfigure class=\u0022image--figure\u0022\u003E\n        \u003Cpicture\u003E\n                        \u003Csource srcset=\u0022\/sites\/default\/files\/styles\/teaser_standard__m\/public\/aurora\/2026\/02\/515171.jpeg.webp?itok=pAO5mySh 1x\u0022 media=\u0022(min-width: 48.0625em) and (max-width: 64em)\u0022 type=\u0022image\/webp\u0022 width=\u0022323\u0022 height=\u0022230\u0022\/\u003E\n                  \u003Csource srcset=\u0022\/sites\/default\/files\/styles\/teaser_standard__l\/public\/aurora\/2026\/02\/515171.jpeg.webp?itok=Lgsv-1fC 1x\u0022 media=\u0022(min-width: 64.0625em)\u0022 type=\u0022image\/webp\u0022 width=\u0022203\u0022 height=\u0022144\u0022\/\u003E\n                  \u003Csource srcset=\u0022\/sites\/default\/files\/styles\/teaser_standard__m\/public\/aurora\/2026\/02\/515171.jpeg?itok=rLbn4NoL 1x\u0022 media=\u0022(min-width: 48.0625em) and (max-width: 64em)\u0022 type=\u0022image\/jpeg\u0022 width=\u0022323\u0022 height=\u0022230\u0022\/\u003E\n                  \u003Csource srcset=\u0022\/sites\/default\/files\/styles\/teaser_standard__l\/public\/aurora\/2026\/02\/515171.jpeg?itok=eL4DmugR 1x\u0022 media=\u0022(min-width: 64.0625em)\u0022 type=\u0022image\/jpeg\u0022 width=\u0022203\u0022 height=\u0022144\u0022\/\u003E\n                          \u003Cimg alt=\u0022Greenergy Data Center: Estlands erstes gro\u00dfskaliertes Rechenzentrum, das vollst\u00e4ndig mit erneuerbarer Energie betrieben wird.\u0022 loading=\u0022eager\u0022 data-caption-hide width=\u0022560\u0022 height=\u0022398\u0022 data-zoomed=\u0022https:\/\/www.tech-isolierung.de\/sites\/default\/files\/styles\/content__zoomed\/public\/aurora\/2026\/02\/515171.jpeg?itok=tqGdRVYU\u0022 src=\u0022\/sites\/default\/files\/styles\/teaser_standard__s\/public\/aurora\/2026\/02\/515171.jpeg?itok=rZiJhPTF\u0022 title=\u0022\u00a9 Foto: Tonu Tunnel\/ Greenergy Data Centers\u0022 \/\u003E\n\n    \u003C\/picture\u003E\n      \u003Cfigcaption class=\u0022image--figcaption\u0022\u003E\n          \u003Cdiv class=\u0022copyright\u0022\u003EFoto: Tonu Tunnel\/ Greenergy Data Centers\u003C\/div\u003E\n          \u003C\/figcaption\u003E\n\u003C\/figure\u003E\n\n\n    \u003C\/div\u003E\n    \u003Cdiv class=\u0022teaser-content\u0022\u003E\n                    \u003Cdiv class=\u0022teaser-content--kicker\u0022\u003E\n                    \n        \u003C\/div\u003E\n                                              \n                        \n        \u003Ch4 class=\u0022teaser-content--headline\u0022\u003E\n                                Greenergy Data Center:\u00a0nachhaltige \n                              \u003Cspan class=\u0022headline-last-word-arrow\u0022\u003EIT-Infrastruktur              \u003Cspan\n                  class=\u0022permission-lock permission-lock-icon--lock\u0022\u003E\u003C\/span\u003E\n                                  \u003C\/span\u003E\n        \u003C\/h4\u003E\n            \u003Cdiv class=\u0022teaser-content--publishing-date\u0022\u003E\u003Ctime datetime=\u00222026-02-24T15:28:14Z\u0022\u003E24.02.2026\u003C\/time\u003E\n\u003C\/div\u003E\u003Cspan class=\u0022teaser-content--publishing-date-divider\u0022\u003E - \u003C\/span\u003E\u003Cdiv class=\u0022teaser-content--body\u0022\u003E\u003Cp\u003EDas Greenergy Data Center (GDC) in Tallinn gilt als das zuverl\u00e4ssigste, nachhaltigste und sicherste\u0026nbsp;Rechenzentrum im Baltikum. Die Anlage gew\u00e4hrleistet hohe Zuverl\u00e4ssigkeit und h\u00e4lt den \u00f6kologischen Fu\u00dfabdruck so gering wie m\u00f6glich, indem ausschlie\u00dflich erneuerbare Energien genutzt und\u0026nbsp;hocheffiziente K\u00fchltechnik eingesetzt wurden. ArmaFlex Ultima, das auf der patentierten ArmaPrene Technologie von Armacell basiert, spielt dabei eine entscheidende Rolle, indem es Energieverluste der K\u00fchlanlagen reduziert und zum Brandschutzkonzept des Rechenzentrums beitr\u00e4gt.\u003C\/p\u003E\n\u003C\/div\u003E\n                        \u003Cspan class=\u0022read-more-arrow-container\u0022\u003E\n            \u003Cspan class=\u0022read-more-angled-arrow\u0022\u003E \u003C\/span\u003E\n          \u003C\/span\u003E\n                  \u003C\/div\u003E\n    \u003C\/a\u003E\n\u003Ca href=\u0022\/ausfuehrung\/effizient-mit-einblasdaemmtechnik-brandschutz-inklusive\u0022  class=\u0022teaser teaser--standard\u0022 aria-label=\u0022Effizient mit Einblasd\u00e4mmtechnik \u2013 Brandschutz inklusive\ufeff\u0022\u003E\n      \u003Cdiv class=\u0022teaser-content--image\u0022\u003E\n        \u003Cfigure class=\u0022image--figure\u0022\u003E\n        \u003Cpicture\u003E\n                        \u003Csource srcset=\u0022\/sites\/default\/files\/styles\/teaser_standard__m\/public\/aurora\/2025\/12\/499502.jpeg.webp?itok=Y3EVk-4C 1x\u0022 media=\u0022(min-width: 48.0625em) and (max-width: 64em)\u0022 type=\u0022image\/webp\u0022 width=\u0022323\u0022 height=\u0022196\u0022\/\u003E\n                  \u003Csource srcset=\u0022\/sites\/default\/files\/styles\/teaser_standard__l\/public\/aurora\/2025\/12\/499502.jpeg.webp?itok=23hQfbWh 1x\u0022 media=\u0022(min-width: 64.0625em)\u0022 type=\u0022image\/webp\u0022 width=\u0022203\u0022 height=\u0022123\u0022\/\u003E\n                  \u003Csource srcset=\u0022\/sites\/default\/files\/styles\/teaser_standard__m\/public\/aurora\/2025\/12\/499502.jpeg?itok=IX-y9xzi 1x\u0022 media=\u0022(min-width: 48.0625em) and (max-width: 64em)\u0022 type=\u0022image\/jpeg\u0022 width=\u0022323\u0022 height=\u0022196\u0022\/\u003E\n                  \u003Csource srcset=\u0022\/sites\/default\/files\/styles\/teaser_standard__l\/public\/aurora\/2025\/12\/499502.jpeg?itok=KA3EuwoZ 1x\u0022 media=\u0022(min-width: 64.0625em)\u0022 type=\u0022image\/jpeg\u0022 width=\u0022203\u0022 height=\u0022123\u0022\/\u003E\n                          \u003Cimg alt=\u0022Die vorgefertigten \u00adInstallationsw\u00e4nde \u00adstehen (im\u00a0Werk) f\u00fcr den n\u00e4chsten \u00adLieferabruf \u00adbereit. In\u00a0der Regel wird just in time nur die \u00adMenge \u00adangeliefert, die auf der Baustelle zeitnah installiert werden kann.\u0022 loading=\u0022eager\u0022 data-caption-hide width=\u0022656\u0022 height=\u0022398\u0022 data-zoomed=\u0022https:\/\/www.tech-isolierung.de\/sites\/default\/files\/styles\/content__zoomed\/public\/aurora\/2025\/12\/499502.jpeg?itok=-XoFv1k8\u0022 src=\u0022\/sites\/default\/files\/styles\/teaser_standard__s\/public\/aurora\/2025\/12\/499502.jpeg?itok=1HlxirMg\u0022 title=\u0022\u00a9 Bild: Tece SE\u0022 \/\u003E\n\n    \u003C\/picture\u003E\n      \u003Cfigcaption class=\u0022image--figcaption\u0022\u003E\n          \u003Cdiv class=\u0022copyright\u0022\u003EBild: Tece SE\u003C\/div\u003E\n          \u003C\/figcaption\u003E\n\u003C\/figure\u003E\n\n\n    \u003C\/div\u003E\n    \u003Cdiv class=\u0022teaser-content\u0022\u003E\n                    \u003Cdiv class=\u0022teaser-content--kicker\u0022\u003E\n                    \n        \u003C\/div\u003E\n                                              \n                        \n        \u003Ch4 class=\u0022teaser-content--headline\u0022\u003E\n                                Effizient mit Einblasd\u00e4mmtechnik \u2013 Brandschutz \n                              \u003Cspan class=\u0022headline-last-word-arrow\u0022\u003Einklusive\ufeff              \u003Cspan\n                  class=\u0022permission-lock permission-lock-icon--lock\u0022\u003E\u003C\/span\u003E\n                                  \u003C\/span\u003E\n        \u003C\/h4\u003E\n            \u003Cdiv class=\u0022teaser-content--publishing-date\u0022\u003E\u003Ctime datetime=\u00222025-12-11T15:00:13Z\u0022\u003E11.12.2025\u003C\/time\u003E\n\u003C\/div\u003E\u003Cspan class=\u0022teaser-content--publishing-date-divider\u0022\u003E - \u003C\/span\u003E\u003Cdiv class=\u0022teaser-content--body\u0022\u003E\u003Cp\u003EDer anhaltende Fachkr\u00e4ftemangel macht sich zunehmend auch in der technischen Geb\u00e4udeausr\u00fcstung bemerkbar. W\u00e4rmed\u00e4mmung und die brandschutzgerechte Abschottung von Installationssystemen \u00fcber mehrere Geschosse hinweg sind anspruchsvoll und erfordern neben umfangreichem Know-how auch viel\u0026nbsp;Zeit. Gleichzeitig bindet dieser Aufwand Fachpersonal, das an anderer Stelle dringend ben\u00f6tigt wird. Eine\u0026nbsp;zeitsparende Alternative bietet die Einblasd\u00e4mmtechnik f\u00fcr vorgefertigte Installationsw\u00e4nde, die von\u0026nbsp;externen Dienstleistern komplett \u00fcbernommen werden kann.\u003C\/p\u003E\n\u003C\/div\u003E\n                        \u003Cspan class=\u0022read-more-arrow-container\u0022\u003E\n            \u003Cspan class=\u0022read-more-angled-arrow\u0022\u003E \u003C\/span\u003E\n          \u003C\/span\u003E\n                  \u003C\/div\u003E\n    \u003C\/a\u003E\n\u003Ca href=\u0022\/ausfuehrung\/brandschutz-gewaehrleistet-zertifizierte-rohrleitungssysteme\u0022  class=\u0022teaser teaser--standard\u0022 aria-label=\u0022\ufeffBrandschutz gew\u00e4hrleistet:\u00a0zertifizierte Rohrleitungssysteme\u0022\u003E\n      \u003Cdiv class=\u0022teaser-content--image\u0022\u003E\n        \u003Cfigure class=\u0022image--figure\u0022\u003E\n        \u003Cpicture\u003E\n                        \u003Csource srcset=\u0022\/sites\/default\/files\/styles\/teaser_standard__m\/public\/aurora\/2025\/06\/454068.jpeg.webp?itok=3Lp08JwR 1x\u0022 media=\u0022(min-width: 48.0625em) and (max-width: 64em)\u0022 type=\u0022image\/webp\u0022 width=\u0022301\u0022 height=\u0022242\u0022\/\u003E\n                  \u003Csource srcset=\u0022\/sites\/default\/files\/styles\/teaser_standard__l\/public\/aurora\/2025\/06\/454068.jpeg.webp?itok=m3EmxZNa 1x\u0022 media=\u0022(min-width: 64.0625em)\u0022 type=\u0022image\/webp\u0022 width=\u0022189\u0022 height=\u0022152\u0022\/\u003E\n                  \u003Csource srcset=\u0022\/sites\/default\/files\/styles\/teaser_standard__m\/public\/aurora\/2025\/06\/454068.jpeg?itok=T1OV5Q-y 1x\u0022 media=\u0022(min-width: 48.0625em) and (max-width: 64em)\u0022 type=\u0022image\/jpeg\u0022 width=\u0022301\u0022 height=\u0022242\u0022\/\u003E\n                  \u003Csource srcset=\u0022\/sites\/default\/files\/styles\/teaser_standard__l\/public\/aurora\/2025\/06\/454068.jpeg?itok=vk-PWkpG 1x\u0022 media=\u0022(min-width: 64.0625em)\u0022 type=\u0022image\/jpeg\u0022 width=\u0022189\u0022 height=\u0022152\u0022\/\u003E\n                          \u003Cimg alt=\u0022Die Verlegung im Nullabstand mit gepr\u00fcften und zertifizierten Systemen spart Platz und schafft Sicherheit f\u00fcr alle Baubeteiligten.\u0022 loading=\u0022eager\u0022 data-caption-hide width=\u0022495\u0022 height=\u0022398\u0022 data-zoomed=\u0022https:\/\/www.tech-isolierung.de\/sites\/default\/files\/styles\/content__zoomed\/public\/aurora\/2025\/06\/454068.jpeg?itok=0zYecHuH\u0022 src=\u0022\/sites\/default\/files\/styles\/teaser_standard__s\/public\/aurora\/2025\/06\/454068.jpeg?itok=uk5kAEr9\u0022 title=\u0022\u00a9 Foto: SANHA GmbH \u0026amp; Co. KG\u0022 \/\u003E\n\n    \u003C\/picture\u003E\n      \u003Cfigcaption class=\u0022image--figcaption\u0022\u003E\n          \u003Cdiv class=\u0022copyright\u0022\u003EFoto: SANHA GmbH \u0026 Co. KG\u003C\/div\u003E\n          \u003C\/figcaption\u003E\n\u003C\/figure\u003E\n\n\n    \u003C\/div\u003E\n    \u003Cdiv class=\u0022teaser-content\u0022\u003E\n                    \u003Cdiv class=\u0022teaser-content--kicker\u0022\u003E\n                    \n        \u003C\/div\u003E\n                                              \n                        \n        \u003Ch4 class=\u0022teaser-content--headline\u0022\u003E\n                                \ufeffBrandschutz gew\u00e4hrleistet:\u00a0zertifizierte \n                              \u003Cspan class=\u0022headline-last-word-arrow\u0022\u003ERohrleitungssysteme              \u003Cspan\n                  class=\u0022permission-lock permission-lock-icon--lock\u0022\u003E\u003C\/span\u003E\n                                  \u003C\/span\u003E\n        \u003C\/h4\u003E\n            \u003Cdiv class=\u0022teaser-content--publishing-date\u0022\u003E\u003Ctime datetime=\u00222025-06-13T10:55:53Z\u0022\u003E13.06.2025\u003C\/time\u003E\n\u003C\/div\u003E\u003Cspan class=\u0022teaser-content--publishing-date-divider\u0022\u003E - \u003C\/span\u003E\u003Cdiv class=\u0022teaser-content--body\u0022\u003E\u003Cp\u003EBei der Installation von Rohrleitungssystemen ist die Einhaltung der Brandschutzvorgaben zentral.\u0026nbsp;Hinzu kommt der Wunsch von Bauherren nach m\u00f6glichst viel Nutzraum. Als Herstellern stellt Sanha Verarbeitern seit Jahren sichere, zertifizierte L\u00f6sungen zur Verf\u00fcgung, die die strengen Vorgaben\u0026nbsp;erf\u00fcllen und Verarbeitern eine platzsparende Verlegung im Nullabstand erm\u00f6glichen.\u003C\/p\u003E\n\u003C\/div\u003E\n                        \u003Cspan class=\u0022read-more-arrow-container\u0022\u003E\n            \u003Cspan class=\u0022read-more-angled-arrow\u0022\u003E \u003C\/span\u003E\n          \u003C\/span\u003E\n                  \u003C\/div\u003E\n    \u003C\/a\u003E\n\u003Ca href=\u0022\/ausfuehrung\/anna-seiler-haus-setzt-auf-raucharme-elastormerschaeume\u0022  class=\u0022teaser teaser--standard\u0022 aria-label=\u0022Anna-Seiler-Haus setzt auf raucharme Elastormersch\u00e4ume\u0022\u003E\n      \u003Cdiv class=\u0022teaser-content--image\u0022\u003E\n        \u003Cfigure class=\u0022image--figure\u0022\u003E\n        \u003Cpicture\u003E\n                        \u003Csource srcset=\u0022\/sites\/default\/files\/styles\/teaser_standard__m\/public\/aurora\/2025\/06\/454167.jpeg.webp?itok=bF1NcC-6 1x\u0022 media=\u0022(min-width: 48.0625em) and (max-width: 64em)\u0022 type=\u0022image\/webp\u0022 width=\u0022323\u0022 height=\u0022230\u0022\/\u003E\n                  \u003Csource srcset=\u0022\/sites\/default\/files\/styles\/teaser_standard__l\/public\/aurora\/2025\/06\/454167.jpeg.webp?itok=rOvO_MLN 1x\u0022 media=\u0022(min-width: 64.0625em)\u0022 type=\u0022image\/webp\u0022 width=\u0022203\u0022 height=\u0022144\u0022\/\u003E\n                  \u003Csource srcset=\u0022\/sites\/default\/files\/styles\/teaser_standard__m\/public\/aurora\/2025\/06\/454167.jpeg?itok=Hf-OVrCk 1x\u0022 media=\u0022(min-width: 48.0625em) and (max-width: 64em)\u0022 type=\u0022image\/jpeg\u0022 width=\u0022323\u0022 height=\u0022230\u0022\/\u003E\n                  \u003Csource srcset=\u0022\/sites\/default\/files\/styles\/teaser_standard__l\/public\/aurora\/2025\/06\/454167.jpeg?itok=hdqWfQ6E 1x\u0022 media=\u0022(min-width: 64.0625em)\u0022 type=\u0022image\/jpeg\u0022 width=\u0022203\u0022 height=\u0022144\u0022\/\u003E\n                          \u003Cimg alt=\u0022Eine Stadt in der Stadt: Mit der Gr\u00f6\u00dfe von 82.000 m\u00b2 wurde mit dem Anna-Seiler-Haus im Westen von Bern ein eigenes Stadtquartier geschaffen.\u0022 loading=\u0022eager\u0022 data-caption-hide width=\u0022560\u0022 height=\u0022398\u0022 data-zoomed=\u0022https:\/\/www.tech-isolierung.de\/sites\/default\/files\/styles\/content__zoomed\/public\/aurora\/2025\/06\/454167.jpeg?itok=q_1YX6A5\u0022 src=\u0022\/sites\/default\/files\/styles\/teaser_standard__s\/public\/aurora\/2025\/06\/454167.jpeg?itok=9GpnPAFq\u0022 title=\u0022\u00a9 Foto: Pascal Gugler \/ Insel Gruppe\u0022 \/\u003E\n\n    \u003C\/picture\u003E\n      \u003Cfigcaption class=\u0022image--figcaption\u0022\u003E\n          \u003Cdiv class=\u0022copyright\u0022\u003EFoto: Pascal Gugler \/ Insel Gruppe\u003C\/div\u003E\n          \u003C\/figcaption\u003E\n\u003C\/figure\u003E\n\n\n    \u003C\/div\u003E\n    \u003Cdiv class=\u0022teaser-content\u0022\u003E\n                    \u003Cdiv class=\u0022teaser-content--kicker\u0022\u003E\n                    \n        \u003C\/div\u003E\n                                              \n                        \n        \u003Ch4 class=\u0022teaser-content--headline\u0022\u003E\n                                Anna-Seiler-Haus setzt auf raucharme \n                              \u003Cspan class=\u0022headline-last-word-arrow\u0022\u003EElastormersch\u00e4ume              \u003Cspan\n                  class=\u0022permission-lock permission-lock-icon--lock\u0022\u003E\u003C\/span\u003E\n                                  \u003C\/span\u003E\n        \u003C\/h4\u003E\n            \u003Cdiv class=\u0022teaser-content--publishing-date\u0022\u003E\u003Ctime datetime=\u00222025-06-13T10:55:48Z\u0022\u003E13.06.2025\u003C\/time\u003E\n\u003C\/div\u003E\u003Cspan class=\u0022teaser-content--publishing-date-divider\u0022\u003E - \u003C\/span\u003E\u003Cdiv class=\u0022teaser-content--body\u0022\u003E\u003Cp\u003EBrandsicherheit besitzt in Krankenh\u00e4usern h\u00f6chste Priorit\u00e4t. Bei der Planung des neuen Hauptgeb\u00e4udes des Berner Inselspitals wurde auf den Einsatz von ArmaFlex Ultima auf allen k\u00e4ltetechnischen Anlageteilen gesetzt. Der auf der ArmaPrene-Technologie basierende D\u00e4mmstoff setzt im Brandfall 10-mal weniger Rauch als herk\u00f6mmliche Elastomerprodukte frei,\u0026nbsp;verbessert so die Sicht im Brandfall und verl\u00e4ngert die Evakuationszeit des Geb\u00e4udes.\u003C\/p\u003E\n\u003C\/div\u003E\n                        \u003Cspan class=\u0022read-more-arrow-container\u0022\u003E\n            \u003Cspan class=\u0022read-more-angled-arrow\u0022\u003E \u003C\/span\u003E\n          \u003C\/span\u003E\n                  \u003C\/div\u003E\n    \u003C\/a\u003E\n\u003Ca href=\u0022\/ausfuehrung\/sicherheit-durch-allgemeine-bauartgenehmigung\u0022  class=\u0022teaser teaser--standard\u0022 aria-label=\u0022Sicherheit durch allgemeine Bauartgenehmigung\u0022\u003E\n      \u003Cdiv class=\u0022teaser-content--image\u0022\u003E\n        \u003Cfigure class=\u0022image--figure\u0022\u003E\n        \u003Cpicture\u003E\n                        \u003Csource srcset=\u0022\/sites\/default\/files\/styles\/teaser_standard__m\/public\/aurora\/2025\/06\/454225.jpeg.webp?itok=Ar0-1l8B 1x\u0022 media=\u0022(min-width: 48.0625em) and (max-width: 64em)\u0022 type=\u0022image\/webp\u0022 width=\u0022323\u0022 height=\u0022172\u0022\/\u003E\n                  \u003Csource srcset=\u0022\/sites\/default\/files\/styles\/teaser_standard__l\/public\/aurora\/2025\/06\/454225.jpeg.webp?itok=y6dL8mF0 1x\u0022 media=\u0022(min-width: 64.0625em)\u0022 type=\u0022image\/webp\u0022 width=\u0022203\u0022 height=\u0022108\u0022\/\u003E\n                  \u003Csource srcset=\u0022\/sites\/default\/files\/styles\/teaser_standard__m\/public\/aurora\/2025\/06\/454225.jpeg?itok=JfNCTEza 1x\u0022 media=\u0022(min-width: 48.0625em) and (max-width: 64em)\u0022 type=\u0022image\/jpeg\u0022 width=\u0022323\u0022 height=\u0022172\u0022\/\u003E\n                  \u003Csource srcset=\u0022\/sites\/default\/files\/styles\/teaser_standard__l\/public\/aurora\/2025\/06\/454225.jpeg?itok=yzwDkaZ5 1x\u0022 media=\u0022(min-width: 64.0625em)\u0022 type=\u0022image\/jpeg\u0022 width=\u0022203\u0022 height=\u0022108\u0022\/\u003E\n                          \u003Cimg alt=\u0022In einem Bauvorhaben in Kulmbach wurde das System Future Therm waagrecht bereits installiert, nachdem die allgemeine Bauartgenehmigung erteilt war.\u0022 loading=\u0022eager\u0022 data-caption-hide width=\u0022708\u0022 height=\u0022377\u0022 data-zoomed=\u0022https:\/\/www.tech-isolierung.de\/sites\/default\/files\/styles\/content__zoomed\/public\/aurora\/2025\/06\/454225.jpeg?itok=W6d4G3K4\u0022 src=\u0022\/sites\/default\/files\/styles\/teaser_standard__s\/public\/aurora\/2025\/06\/454225.jpeg?itok=EG_ntHWX\u0022 title=\u0022\u00a9 Foto: Abgaskontor GmbH\u0022 \/\u003E\n\n    \u003C\/picture\u003E\n      \u003Cfigcaption class=\u0022image--figcaption\u0022\u003E\n          \u003Cdiv class=\u0022copyright\u0022\u003EFoto: Abgaskontor GmbH\u003C\/div\u003E\n          \u003C\/figcaption\u003E\n\u003C\/figure\u003E\n\n\n    \u003C\/div\u003E\n    \u003Cdiv class=\u0022teaser-content\u0022\u003E\n                    \u003Cdiv class=\u0022teaser-content--kicker\u0022\u003E\n                    \n        \u003C\/div\u003E\n                                              \n                        \n        \u003Ch4 class=\u0022teaser-content--headline\u0022\u003E\n                                Sicherheit durch allgemeine \n                              \u003Cspan class=\u0022headline-last-word-arrow\u0022\u003EBauartgenehmigung              \u003Cspan\n                  class=\u0022permission-lock permission-lock-icon--lock\u0022\u003E\u003C\/span\u003E\n                                  \u003C\/span\u003E\n        \u003C\/h4\u003E\n            \u003Cdiv class=\u0022teaser-content--publishing-date\u0022\u003E\u003Ctime datetime=\u00222025-06-13T10:55:43Z\u0022\u003E13.06.2025\u003C\/time\u003E\n\u003C\/div\u003E\u003Cspan class=\u0022teaser-content--publishing-date-divider\u0022\u003E - \u003C\/span\u003E\u003Cdiv class=\u0022teaser-content--body\u0022\u003E\u003Cp\u003EWenn planerisch herausfordernde Konzepte der Abgastechnik in puncto Brandschutz Fragen aufwerfen, sind Unterst\u00fctzung und zuverl\u00e4ssige Produkte gefragt. Schr\u00e4der Abgastechnologie hat f\u00fcr das Leichtbausystem \u201eFuture Therm waagrecht\u201c einen wichtigen Schritt getan \u2013 die Verbindungsleitung erhielt die allgemeine Bauartgenehmigung. F\u00fcr gr\u00f6\u00dfere und gro\u00dfe Projekte bietet sich damit ein interessantes L\u00f6sungskonzept.\u003C\/p\u003E\n\u003C\/div\u003E\n                        \u003Cspan class=\u0022read-more-arrow-container\u0022\u003E\n            \u003Cspan class=\u0022read-more-angled-arrow\u0022\u003E \u003C\/span\u003E\n          \u003C\/span\u003E\n                  \u003C\/div\u003E\n    \u003C\/a\u003E\n\u003Ca href=\u0022\/ausfuehrung\/auswahl-des-richtigen-daemmstoffs-fuer-die-anwendung-bord\u0022  class=\u0022teaser teaser--standard\u0022 aria-label=\u0022Auswahl des richtigen D\u00e4mmstoffs f\u00fcr die Anwendung an Bord\u0022\u003E\n      \u003Cdiv class=\u0022teaser-content--image\u0022\u003E\n        \u003Cfigure class=\u0022image--figure\u0022\u003E\n        \u003Cpicture\u003E\n                        \u003Csource srcset=\u0022\/sites\/default\/files\/styles\/teaser_standard__m\/public\/2024-10\/4436864.jpg.webp?itok=XDlmz8T3 1x\u0022 media=\u0022(min-width: 48.0625em) and (max-width: 64em)\u0022 type=\u0022image\/webp\u0022 width=\u0022323\u0022 height=\u0022182\u0022\/\u003E\n                  \u003Csource srcset=\u0022\/sites\/default\/files\/styles\/teaser_standard__l\/public\/2024-10\/4436864.jpg.webp?itok=9RgUc1PE 1x\u0022 media=\u0022(min-width: 64.0625em)\u0022 type=\u0022image\/webp\u0022 width=\u0022203\u0022 height=\u0022114\u0022\/\u003E\n                  \u003Csource srcset=\u0022\/sites\/default\/files\/styles\/teaser_standard__m\/public\/2024-10\/4436864.jpg?itok=ItQA6UT0 1x\u0022 media=\u0022(min-width: 48.0625em) and (max-width: 64em)\u0022 type=\u0022image\/jpeg\u0022 width=\u0022323\u0022 height=\u0022182\u0022\/\u003E\n                  \u003Csource srcset=\u0022\/sites\/default\/files\/styles\/teaser_standard__l\/public\/2024-10\/4436864.jpg?itok=N-BBdP4Y 1x\u0022 media=\u0022(min-width: 64.0625em)\u0022 type=\u0022image\/jpeg\u0022 width=\u0022203\u0022 height=\u0022114\u0022\/\u003E\n                          \u003Cimg alt=\u0022Betriebstechnische Anlage unter Deck\u0022 loading=\u0022eager\u0022 data-caption-hide width=\u0022707\u0022 height=\u0022398\u0022 data-zoomed=\u0022https:\/\/www.tech-isolierung.de\/sites\/default\/files\/styles\/content__zoomed\/public\/2024-10\/4436864.jpg?itok=OmKKwTVN\u0022 src=\u0022\/sites\/default\/files\/styles\/teaser_standard__s\/public\/2024-10\/4436864.jpg?itok=1JIDgUAL\u0022 title=\u0022\u00a9 isawred auf Unsplash\u0022 \/\u003E\n\n    \u003C\/picture\u003E\n      \u003Cfigcaption class=\u0022image--figcaption\u0022\u003E\n          \u003Cdiv class=\u0022copyright\u0022\u003Eisawred auf Unsplash\u003C\/div\u003E\n          \u003C\/figcaption\u003E\n\u003C\/figure\u003E\n\n\n    \u003C\/div\u003E\n    \u003Cdiv class=\u0022teaser-content\u0022\u003E\n                    \u003Cdiv class=\u0022teaser-content--kicker\u0022\u003E\n                    \n        \u003C\/div\u003E\n                                              \n                        \n        \u003Ch4 class=\u0022teaser-content--headline\u0022\u003E\n                                Auswahl des richtigen D\u00e4mmstoffs f\u00fcr die Anwendung an \n                              \u003Cspan class=\u0022headline-last-word-arrow\u0022\u003EBord                      \u003C\/span\u003E\n        \u003C\/h4\u003E\n            \u003Cdiv class=\u0022teaser-content--publishing-date\u0022\u003E\u003Ctime datetime=\u00222024-10-07T10:34:41Z\u0022\u003E07.10.2024\u003C\/time\u003E\n\u003C\/div\u003E\u003Cspan class=\u0022teaser-content--publishing-date-divider\u0022\u003E - \u003C\/span\u003E\u003Cdiv class=\u0022teaser-content--body\u0022\u003E\u003Cp\u003EHinsichtlich der technischen Isolierung unterliegen die betriebstechnischen Anlagen auf hoher See zwar \u00e4hnlichen Herausforderungen wie auf dem Festland. Jedoch hat das raue maritime Umfeld erschwerende Auswirkungen. Dieser Beitrag geht auf die Kriterien zur Auswahl des richtigen D\u00e4mmstoffes ein.\u003C\/p\u003E\n\u003C\/div\u003E\n                        \u003Cspan class=\u0022read-more-arrow-container\u0022\u003E\n            \u003Cspan class=\u0022read-more-angled-arrow\u0022\u003E \u003C\/span\u003E\n          \u003C\/span\u003E\n                  \u003C\/div\u003E\n    \u003C\/a\u003E\n\u003Ca href=\u0022\/ausfuehrung\/objektbericht-isolierungen-und-asbestsanierung-einer-papierfabrik\u0022  class=\u0022teaser teaser--standard\u0022 aria-label=\u0022Objektbericht: Isolierungen und Asbestsanierung in einer Papierfabrik\u0022\u003E\n      \u003Cdiv class=\u0022teaser-content--image\u0022\u003E\n        \u003Cfigure class=\u0022image--figure\u0022\u003E\n        \u003Cpicture\u003E\n                        \u003Csource srcset=\u0022\/sites\/default\/files\/styles\/teaser_standard__m\/public\/2024-08\/4403025.jpg.webp?itok=tdQx2PIH 1x\u0022 media=\u0022(min-width: 48.0625em) and (max-width: 64em)\u0022 type=\u0022image\/webp\u0022 width=\u0022323\u0022 height=\u0022182\u0022\/\u003E\n                  \u003Csource srcset=\u0022\/sites\/default\/files\/styles\/teaser_standard__l\/public\/2024-08\/4403025.jpg.webp?itok=tGoD29yI 1x\u0022 media=\u0022(min-width: 64.0625em)\u0022 type=\u0022image\/webp\u0022 width=\u0022203\u0022 height=\u0022114\u0022\/\u003E\n                  \u003Csource srcset=\u0022\/sites\/default\/files\/styles\/teaser_standard__m\/public\/2024-08\/4403025.jpg?itok=fpAvxtWt 1x\u0022 media=\u0022(min-width: 48.0625em) and (max-width: 64em)\u0022 type=\u0022image\/jpeg\u0022 width=\u0022323\u0022 height=\u0022182\u0022\/\u003E\n                  \u003Csource srcset=\u0022\/sites\/default\/files\/styles\/teaser_standard__l\/public\/2024-08\/4403025.jpg?itok=AtrpTDl5 1x\u0022 media=\u0022(min-width: 64.0625em)\u0022 type=\u0022image\/jpeg\u0022 width=\u0022203\u0022 height=\u0022114\u0022\/\u003E\n                          \u003Cimg alt=\u0022Isolierung der Rohrbr\u00fccke: Das H\u00e4ngeger\u00fcst an der Rohrbr\u00fccke.\u0022 loading=\u0022eager\u0022 data-caption-hide width=\u0022707\u0022 height=\u0022398\u0022 data-zoomed=\u0022https:\/\/www.tech-isolierung.de\/sites\/default\/files\/styles\/content__zoomed\/public\/2024-08\/4403025.jpg?itok=NHyK4NiL\u0022 src=\u0022\/sites\/default\/files\/styles\/teaser_standard__s\/public\/2024-08\/4403025.jpg?itok=FtatNxaU\u0022 title=\u0022\u00a9 G + H Isolierung\u0022 \/\u003E\n\n    \u003C\/picture\u003E\n      \u003Cfigcaption class=\u0022image--figcaption\u0022\u003E\n          \u003Cdiv class=\u0022copyright\u0022\u003EG + H Isolierung\u003C\/div\u003E\n          \u003C\/figcaption\u003E\n\u003C\/figure\u003E\n\n\n    \u003C\/div\u003E\n    \u003Cdiv class=\u0022teaser-content\u0022\u003E\n                    \u003Cdiv class=\u0022teaser-content--kicker\u0022\u003E\n                    \n        \u003C\/div\u003E\n                                              \n                        \n        \u003Ch4 class=\u0022teaser-content--headline\u0022\u003E\n                                Objektbericht: Isolierungen und Asbestsanierung in einer \n                              \u003Cspan class=\u0022headline-last-word-arrow\u0022\u003EPapierfabrik                      \u003C\/span\u003E\n        \u003C\/h4\u003E\n            \u003Cdiv class=\u0022teaser-content--publishing-date\u0022\u003E\u003Ctime datetime=\u00222024-08-26T09:37:02Z\u0022\u003E26.08.2024\u003C\/time\u003E\n\u003C\/div\u003E\u003Cspan class=\u0022teaser-content--publishing-date-divider\u0022\u003E - \u003C\/span\u003E\u003Cdiv class=\u0022teaser-content--body\u0022\u003E\u003Cp\u003EIn einer Papierfabrik in Baden-W\u00fcrttemberg f\u00fchrte das zur G+H Group geh\u00f6rende Unternehmen G+H Isolierung zwei anspruchsvolle Auftr\u00e4ge gleichzeitig aus: Isolierarbeiten an einem Warmwasserbeh\u00e4lter inklusive der Rohrbr\u00fccke sowie die Asbestsanierung eines Heizkessels.\u003C\/p\u003E\n\u003C\/div\u003E\n                        \u003Cspan class=\u0022read-more-arrow-container\u0022\u003E\n            \u003Cspan class=\u0022read-more-angled-arrow\u0022\u003E \u003C\/span\u003E\n          \u003C\/span\u003E\n                  \u003C\/div\u003E\n    \u003C\/a\u003E\n\u003Ca href=\u0022\/ausfuehrung\/geruestbau-wichtige-aenderung-des-uebergangsgesetzes-zum-1-juli-2024\u0022  class=\u0022teaser teaser--standard\u0022 aria-label=\u0022Ger\u00fcstbau: Wichtige \u00c4nderung des \u00dcbergangsgesetzes zum 1. Juli 2024\u0022\u003E\n      \u003Cdiv class=\u0022teaser-content--image\u0022\u003E\n        \u003Cfigure class=\u0022image--figure\u0022\u003E\n        \u003Cpicture\u003E\n                        \u003Csource srcset=\u0022\/sites\/default\/files\/styles\/teaser_standard__m\/public\/2024-06\/4421183.jpg.webp?itok=xyL_JUYx 1x\u0022 media=\u0022(min-width: 48.0625em) and (max-width: 64em)\u0022 type=\u0022image\/webp\u0022 width=\u0022323\u0022 height=\u0022182\u0022\/\u003E\n                  \u003Csource srcset=\u0022\/sites\/default\/files\/styles\/teaser_standard__l\/public\/2024-06\/4421183.jpg.webp?itok=X-8uXQCy 1x\u0022 media=\u0022(min-width: 64.0625em)\u0022 type=\u0022image\/webp\u0022 width=\u0022203\u0022 height=\u0022114\u0022\/\u003E\n                  \u003Csource srcset=\u0022\/sites\/default\/files\/styles\/teaser_standard__m\/public\/2024-06\/4421183.jpg?itok=PRk_dbCV 1x\u0022 media=\u0022(min-width: 48.0625em) and (max-width: 64em)\u0022 type=\u0022image\/jpeg\u0022 width=\u0022323\u0022 height=\u0022182\u0022\/\u003E\n                  \u003Csource srcset=\u0022\/sites\/default\/files\/styles\/teaser_standard__l\/public\/2024-06\/4421183.jpg?itok=dhcqOWs_ 1x\u0022 media=\u0022(min-width: 64.0625em)\u0022 type=\u0022image\/jpeg\u0022 width=\u0022203\u0022 height=\u0022114\u0022\/\u003E\n                          \u003Cimg alt=\u0022Ein Bauarbeiter in Sicherheitskleidung tr\u00e4gt auf einer Baustelle ein gro\u00dfes Metallgitter. Im Hintergrund ist ein teilweise errichtetes Ger\u00fcst sichtbar.\u0022 loading=\u0022eager\u0022 data-caption-hide width=\u0022707\u0022 height=\u0022398\u0022 data-zoomed=\u0022https:\/\/www.tech-isolierung.de\/sites\/default\/files\/styles\/content__zoomed\/public\/2024-06\/4421183.jpg?itok=QyXB89I1\u0022 src=\u0022\/sites\/default\/files\/styles\/teaser_standard__s\/public\/2024-06\/4421183.jpg?itok=dRm2iCxA\u0022 title=\u0022\u00a9 Unsplash, Paul Becker\u0022 \/\u003E\n\n    \u003C\/picture\u003E\n      \u003Cfigcaption class=\u0022image--figcaption\u0022\u003E\n          \u003Cdiv class=\u0022copyright\u0022\u003EUnsplash, Paul Becker\u003C\/div\u003E\n          \u003C\/figcaption\u003E\n\u003C\/figure\u003E\n\n\n    \u003C\/div\u003E\n    \u003Cdiv class=\u0022teaser-content\u0022\u003E\n                    \u003Cdiv class=\u0022teaser-content--kicker\u0022\u003E\n                    \n        \u003C\/div\u003E\n                                              \n                        \n        \u003Ch4 class=\u0022teaser-content--headline\u0022\u003E\n                                Ger\u00fcstbau: Wichtige \u00c4nderung des \u00dcbergangsgesetzes zum 1. Juli \n                              \u003Cspan class=\u0022headline-last-word-arrow\u0022\u003E2024                      \u003C\/span\u003E\n        \u003C\/h4\u003E\n            \u003Cdiv class=\u0022teaser-content--publishing-date\u0022\u003E\u003Ctime datetime=\u00222024-06-18T11:14:35Z\u0022\u003E18.06.2024\u003C\/time\u003E\n\u003C\/div\u003E\u003Cspan class=\u0022teaser-content--publishing-date-divider\u0022\u003E - \u003C\/span\u003E\u003Cdiv class=\u0022teaser-content--body\u0022\u003E\u003Cp\u003ELaut Bundesinnung Ger\u00fcstbau ist der 1. Juli ein wichtiges Datum f\u00fcr das Ger\u00fcstbauer-Handwerk in\u0026nbsp; Deutschland. Von diesem Tag an ist das Aufstellen von Arbeits- und Schutzger\u00fcsten f\u00fcr Dritte nur\u0026nbsp;noch Ger\u00fcstbaubetrieben erlaubt. Ausgenommen seien nur Betriebe, die hierf\u00fcr eine Ausnahmegenehmigung nach der Handwerksordnung besitzen.\u003C\/p\u003E\n\u003C\/div\u003E\n                        \u003Cspan class=\u0022read-more-arrow-container\u0022\u003E\n            \u003Cspan class=\u0022read-more-angled-arrow\u0022\u003E \u003C\/span\u003E\n          \u003C\/span\u003E\n                  \u003C\/div\u003E\n    \u003C\/a\u003E\n\u003Ca href=\u0022\/ausfuehrung\/nachgefragt-wie-wurdest-du-zum-isolier-influencer-todor\u0022  class=\u0022teaser teaser--standard\u0022 aria-label=\u0022Nachgefragt: Wie wurdest du zum Isolier-Influencer, Todor?\u0022\u003E\n      \u003Cdiv class=\u0022teaser-content--image\u0022\u003E\n        \u003Cfigure class=\u0022image--figure\u0022\u003E\n        \u003Cpicture\u003E\n                        \u003Csource srcset=\u0022\/sites\/default\/files\/styles\/teaser_standard__m\/public\/2024-04\/4376255.jpg.webp?itok=HzgIo7cv 1x\u0022 media=\u0022(min-width: 48.0625em) and (max-width: 64em)\u0022 type=\u0022image\/webp\u0022 width=\u0022323\u0022 height=\u0022182\u0022\/\u003E\n                  \u003Csource srcset=\u0022\/sites\/default\/files\/styles\/teaser_standard__l\/public\/2024-04\/4376255.jpg.webp?itok=nEfqTXhg 1x\u0022 media=\u0022(min-width: 64.0625em)\u0022 type=\u0022image\/webp\u0022 width=\u0022203\u0022 height=\u0022114\u0022\/\u003E\n                  \u003Csource srcset=\u0022\/sites\/default\/files\/styles\/teaser_standard__m\/public\/2024-04\/4376255.jpg?itok=P1nUX3Mp 1x\u0022 media=\u0022(min-width: 48.0625em) and (max-width: 64em)\u0022 type=\u0022image\/jpeg\u0022 width=\u0022323\u0022 height=\u0022182\u0022\/\u003E\n                  \u003Csource srcset=\u0022\/sites\/default\/files\/styles\/teaser_standard__l\/public\/2024-04\/4376255.jpg?itok=x8_wMsHy 1x\u0022 media=\u0022(min-width: 64.0625em)\u0022 type=\u0022image\/jpeg\u0022 width=\u0022203\u0022 height=\u0022114\u0022\/\u003E\n                          \u003Cimg alt=\u0022Todor Gajanovic ist Betreiber des bekanntesten Isolier-YouTube-Kanals \u201eSheet Metal Workshop\u201c mit mehr als 14.600 Followern.\u0022 loading=\u0022eager\u0022 data-caption-hide width=\u0022707\u0022 height=\u0022398\u0022 data-zoomed=\u0022https:\/\/www.tech-isolierung.de\/sites\/default\/files\/styles\/content__zoomed\/public\/2024-04\/4376255.jpg?itok=xvdkQa1T\u0022 src=\u0022\/sites\/default\/files\/styles\/teaser_standard__s\/public\/2024-04\/4376255.jpg?itok=n9BObgRl\u0022 title=\u0022\u00a9 Todor Gajanovic\u0022 \/\u003E\n\n    \u003C\/picture\u003E\n      \u003Cfigcaption class=\u0022image--figcaption\u0022\u003E\n          \u003Cdiv class=\u0022copyright\u0022\u003ETodor Gajanovic\u003C\/div\u003E\n          \u003C\/figcaption\u003E\n\u003C\/figure\u003E\n\n\n    \u003C\/div\u003E\n    \u003Cdiv class=\u0022teaser-content\u0022\u003E\n                    \u003Cdiv class=\u0022teaser-content--kicker\u0022\u003E\n                    \n        \u003C\/div\u003E\n                                              \n                        \n        \u003Ch4 class=\u0022teaser-content--headline\u0022\u003E\n                                Nachgefragt: Wie wurdest du zum Isolier-Influencer, \n                              \u003Cspan class=\u0022headline-last-word-arrow\u0022\u003ETodor?                      \u003C\/span\u003E\n        \u003C\/h4\u003E\n            \u003Cdiv class=\u0022teaser-content--publishing-date\u0022\u003E\u003Ctime datetime=\u00222024-04-09T09:12:09Z\u0022\u003E09.04.2024\u003C\/time\u003E\n\u003C\/div\u003E\u003Cspan class=\u0022teaser-content--publishing-date-divider\u0022\u003E - \u003C\/span\u003E\u003Cdiv class=\u0022teaser-content--body\u0022\u003E\u003Cp\u003EEr ist der bekannteste YouTuber und Influencer der Isolierbranche. Auf der TI-Expo + Conference 2024 hat er gemeinsam mit dem Kollegen Graeme Bell (UK), ebenfalls Isolierer mit gro\u00dfem Engagement in den Sozialen Medien, in der Influencer-Arena live isoliert. Die TI-Redaktion sprach vor der Veranstaltung mit ihm \u00fcber die Anf\u00e4nge als YouTuber und seine Container-Werkstatt.\u003C\/p\u003E\n\u003C\/div\u003E\n                        \u003Cspan class=\u0022read-more-arrow-container\u0022\u003E\n            \u003Cspan class=\u0022read-more-angled-arrow\u0022\u003E \u003C\/span\u003E\n          \u003C\/span\u003E\n                  \u003C\/div\u003E\n    \u003C\/a\u003E\n\u003Ca href=\u0022\/ausfuehrung\/kraftblock-faengt-freiwerdende-prozessenergie-wieder-ein\u0022  class=\u0022teaser teaser--standard\u0022 aria-label=\u0022Kraftblock f\u00e4ngt freiwerdende Prozessenergie wieder ein\u0022\u003E\n      \u003Cdiv class=\u0022teaser-content--image\u0022\u003E\n        \u003Cfigure class=\u0022image--figure\u0022\u003E\n        \u003Cpicture\u003E\n                        \u003Csource srcset=\u0022\/sites\/default\/files\/styles\/teaser_standard__m\/public\/2023-06\/4303256.jpg.webp?itok=BA11_874 1x\u0022 media=\u0022(min-width: 48.0625em) and (max-width: 64em)\u0022 type=\u0022image\/webp\u0022 width=\u0022323\u0022 height=\u0022182\u0022\/\u003E\n                  \u003Csource srcset=\u0022\/sites\/default\/files\/styles\/teaser_standard__l\/public\/2023-06\/4303256.jpg.webp?itok=D5n9GBlx 1x\u0022 media=\u0022(min-width: 64.0625em)\u0022 type=\u0022image\/webp\u0022 width=\u0022203\u0022 height=\u0022114\u0022\/\u003E\n                  \u003Csource srcset=\u0022\/sites\/default\/files\/styles\/teaser_standard__m\/public\/2023-06\/4303256.jpg?itok=Wmp1GtDA 1x\u0022 media=\u0022(min-width: 48.0625em) and (max-width: 64em)\u0022 type=\u0022image\/jpeg\u0022 width=\u0022323\u0022 height=\u0022182\u0022\/\u003E\n                  \u003Csource srcset=\u0022\/sites\/default\/files\/styles\/teaser_standard__l\/public\/2023-06\/4303256.jpg?itok=5dAH4T3B 1x\u0022 media=\u0022(min-width: 64.0625em)\u0022 type=\u0022image\/jpeg\u0022 width=\u0022203\u0022 height=\u0022114\u0022\/\u003E\n                          \u003Cimg alt=\u0022Ein kleines Kraftblock-System zum Abw\u00e4rmerecycling bei Comet, einem Hersteller von keramischen Schleifscheiben.\u0022 loading=\u0022eager\u0022 data-caption-hide width=\u0022707\u0022 height=\u0022398\u0022 data-zoomed=\u0022https:\/\/www.tech-isolierung.de\/sites\/default\/files\/styles\/content__zoomed\/public\/2023-06\/4303256.jpg?itok=qQBve9pf\u0022 src=\u0022\/sites\/default\/files\/styles\/teaser_standard__s\/public\/2023-06\/4303256.jpg?itok=53q47CyS\u0022 title=\u0022\u00a9 Kraftblock GmbH\u0022 \/\u003E\n\n    \u003C\/picture\u003E\n      \u003Cfigcaption class=\u0022image--figcaption\u0022\u003E\n          \u003Cdiv class=\u0022copyright\u0022\u003EKraftblock GmbH\u003C\/div\u003E\n          \u003C\/figcaption\u003E\n\u003C\/figure\u003E\n\n\n    \u003C\/div\u003E\n    \u003Cdiv class=\u0022teaser-content\u0022\u003E\n                    \u003Cdiv class=\u0022teaser-content--kicker\u0022\u003E\n                    \n        \u003C\/div\u003E\n                                              \n                        \n        \u003Ch4 class=\u0022teaser-content--headline\u0022\u003E\n                                Kraftblock f\u00e4ngt freiwerdende Prozessenergie wieder \n                              \u003Cspan class=\u0022headline-last-word-arrow\u0022\u003Eein                      \u003C\/span\u003E\n        \u003C\/h4\u003E\n            \u003Cdiv class=\u0022teaser-content--publishing-date\u0022\u003E\u003Ctime datetime=\u00222023-06-14T12:42:21Z\u0022\u003E14.06.2023\u003C\/time\u003E\n\u003C\/div\u003E\u003Cspan class=\u0022teaser-content--publishing-date-divider\u0022\u003E - \u003C\/span\u003E\u003Cdiv class=\u0022teaser-content--body\u0022\u003E\u003Cp\u003EF\u00fcr viele Industrien liegen die gr\u00f6\u00dften aktuellen Herausforderungen bei Emissionen in Prozessen und Betriebskosten. Der Wille, gr\u00fcn zu werden, die Transformation des eigenen Unternehmens anzugehen, trifft in der Praxis auf Probleme und fehlende L\u00f6sungen. Insbesondere f\u00fcr Prozessw\u00e4rme auf Hochtemperatur ist die Abkehr von fossilen Brennstoffen schwer umzusetzen.\u003C\/p\u003E\n\u003C\/div\u003E\n                        \u003Cspan class=\u0022read-more-arrow-container\u0022\u003E\n            \u003Cspan class=\u0022read-more-angled-arrow\u0022\u003E \u003C\/span\u003E\n          \u003C\/span\u003E\n                  \u003C\/div\u003E\n    \u003C\/a\u003E\n\u003Ca href=\u0022\/ausfuehrung\/praxistest-fuer-den-all-tag\u0022  class=\u0022teaser teaser--standard\u0022 aria-label=\u0022Praxistest f\u00fcr den All-Tag \u0022\u003E\n      \u003Cdiv class=\u0022teaser-content--image\u0022\u003E\n        \u003Cfigure class=\u0022image--figure\u0022\u003E\n        \u003Cpicture\u003E\n                        \u003Csource srcset=\u0022\/sites\/default\/files\/styles\/teaser_standard__m\/public\/2023-06\/4242037.jpg.webp?itok=9RWwDNIS 1x\u0022 media=\u0022(min-width: 48.0625em) and (max-width: 64em)\u0022 type=\u0022image\/webp\u0022 width=\u0022323\u0022 height=\u0022182\u0022\/\u003E\n                  \u003Csource srcset=\u0022\/sites\/default\/files\/styles\/teaser_standard__l\/public\/2023-06\/4242037.jpg.webp?itok=yQBqVME- 1x\u0022 media=\u0022(min-width: 64.0625em)\u0022 type=\u0022image\/webp\u0022 width=\u0022203\u0022 height=\u0022114\u0022\/\u003E\n                  \u003Csource srcset=\u0022\/sites\/default\/files\/styles\/teaser_standard__m\/public\/2023-06\/4242037.jpg?itok=h816LAVq 1x\u0022 media=\u0022(min-width: 48.0625em) and (max-width: 64em)\u0022 type=\u0022image\/jpeg\u0022 width=\u0022323\u0022 height=\u0022182\u0022\/\u003E\n                  \u003Csource srcset=\u0022\/sites\/default\/files\/styles\/teaser_standard__l\/public\/2023-06\/4242037.jpg?itok=SmolTX_H 1x\u0022 media=\u0022(min-width: 64.0625em)\u0022 type=\u0022image\/jpeg\u0022 width=\u0022203\u0022 height=\u0022114\u0022\/\u003E\n                          \u003Cimg alt=\u0022D\u00e4mmung von Armacell gegen K\u00e4lte bei Lunark Mondhabitat\u0022 loading=\u0022eager\u0022 data-caption-hide width=\u0022707\u0022 height=\u0022398\u0022 data-zoomed=\u0022https:\/\/www.tech-isolierung.de\/sites\/default\/files\/styles\/content__zoomed\/public\/2023-06\/4242037.jpg?itok=xLub1kpG\u0022 src=\u0022\/sites\/default\/files\/styles\/teaser_standard__s\/public\/2023-06\/4242037.jpg?itok=ripz-lgZ\u0022 title=\u0022\u00a9 SAGA\u0022 \/\u003E\n\n    \u003C\/picture\u003E\n      \u003Cfigcaption class=\u0022image--figcaption\u0022\u003E\n          \u003Cdiv class=\u0022copyright\u0022\u003ESAGA\u003C\/div\u003E\n          \u003C\/figcaption\u003E\n\u003C\/figure\u003E\n\n\n    \u003C\/div\u003E\n    \u003Cdiv class=\u0022teaser-content\u0022\u003E\n                    \u003Cdiv class=\u0022teaser-content--kicker\u0022\u003E\n                    \n        \u003C\/div\u003E\n                                              \n                        \n        \u003Ch4 class=\u0022teaser-content--headline\u0022\u003E\n                                Praxistest f\u00fcr den \n                              \u003Cspan class=\u0022headline-last-word-arrow\u0022\u003EAll-Tag                      \u003C\/span\u003E\n        \u003C\/h4\u003E\n            \u003Cdiv class=\u0022teaser-content--publishing-date\u0022\u003E\u003Ctime datetime=\u00222023-06-13T09:58:15Z\u0022\u003E13.06.2023\u003C\/time\u003E\n\u003C\/div\u003E\u003Cspan class=\u0022teaser-content--publishing-date-divider\u0022\u003E - \u003C\/span\u003E\u003Cdiv class=\u0022teaser-content--body\u0022\u003E\u003Cp\u003EDa der Mond f\u00fcr Experimente mit Wohnr\u00e4umen (noch) nicht erreichbar ist, wurde das arktische Gr\u00f6nland als n\u00e4chstbeste Standort-Alternative f\u00fcr das Lunark-Mondhabitat gew\u00e4hlt. Entsprechend war extreme K\u00e4lte eine der gro\u00dfen Herausforderungen. Das projektverantwortliche d\u00e4nische Designb\u00fcro SAGA Space Architects arbeitete mit dem Unternehmen Armacell zusammen, um den Wohnraum gegen K\u00e4lte zu d\u00e4mmen.\u003C\/p\u003E\n\u003C\/div\u003E\n                        \u003Cspan class=\u0022read-more-arrow-container\u0022\u003E\n            \u003Cspan class=\u0022read-more-angled-arrow\u0022\u003E \u003C\/span\u003E\n          \u003C\/span\u003E\n                  \u003C\/div\u003E\n    \u003C\/a\u003E\n\u003Ca href=\u0022\/ausfuehrung\/energieeffizient-gedaemmt-neubau-von-fischer-kaelte-klima\u0022  class=\u0022teaser teaser--standard\u0022 aria-label=\u0022Energieeffizient ged\u00e4mmt: Neubau von Fischer K\u00e4lte-Klima\u0022\u003E\n      \u003Cdiv class=\u0022teaser-content--image\u0022\u003E\n        \u003Cfigure class=\u0022image--figure\u0022\u003E\n        \u003Cpicture\u003E\n                        \u003Csource srcset=\u0022\/sites\/default\/files\/styles\/teaser_standard__m\/public\/2023-05\/4213661.jpg.webp?itok=C8dZazyO 1x\u0022 media=\u0022(min-width: 48.0625em) and (max-width: 64em)\u0022 type=\u0022image\/webp\u0022 width=\u0022323\u0022 height=\u0022182\u0022\/\u003E\n                  \u003Csource srcset=\u0022\/sites\/default\/files\/styles\/teaser_standard__l\/public\/2023-05\/4213661.jpg.webp?itok=37wSXYTS 1x\u0022 media=\u0022(min-width: 64.0625em)\u0022 type=\u0022image\/webp\u0022 width=\u0022203\u0022 height=\u0022114\u0022\/\u003E\n                  \u003Csource srcset=\u0022\/sites\/default\/files\/styles\/teaser_standard__m\/public\/2023-05\/4213661.jpg?itok=BaApac6- 1x\u0022 media=\u0022(min-width: 48.0625em) and (max-width: 64em)\u0022 type=\u0022image\/jpeg\u0022 width=\u0022323\u0022 height=\u0022182\u0022\/\u003E\n                  \u003Csource srcset=\u0022\/sites\/default\/files\/styles\/teaser_standard__l\/public\/2023-05\/4213661.jpg?itok=sPxbD7bg 1x\u0022 media=\u0022(min-width: 64.0625em)\u0022 type=\u0022image\/jpeg\u0022 width=\u0022203\u0022 height=\u0022114\u0022\/\u003E\n                          \u003Cimg alt=\u0022ArmaFlex Ultima setzt im Brandfall 10-mal weniger Rauch als herk\u00f6mmliche Elastomerd\u00e4mmstoffe frei und tr\u00e4gt so zu einer h\u00f6heren Sicherheit im Geb\u00e4ude bei.\u0022 loading=\u0022eager\u0022 data-caption-hide width=\u0022707\u0022 height=\u0022398\u0022 data-zoomed=\u0022https:\/\/www.tech-isolierung.de\/sites\/default\/files\/styles\/content__zoomed\/public\/2023-05\/4213661.jpg?itok=ph7zKQNh\u0022 src=\u0022\/sites\/default\/files\/styles\/teaser_standard__s\/public\/2023-05\/4213661.jpg?itok=u_hoE5w1\u0022 title=\u0022\u00a9 Armacell\u0022 \/\u003E\n\n    \u003C\/picture\u003E\n      \u003Cfigcaption class=\u0022image--figcaption\u0022\u003E\n          \u003Cdiv class=\u0022copyright\u0022\u003EArmacell\u003C\/div\u003E\n          \u003C\/figcaption\u003E\n\u003C\/figure\u003E\n\n\n    \u003C\/div\u003E\n    \u003Cdiv class=\u0022teaser-content\u0022\u003E\n                    \u003Cdiv class=\u0022teaser-content--kicker\u0022\u003E\n                    \n        \u003C\/div\u003E\n                                              \n                        \n        \u003Ch4 class=\u0022teaser-content--headline\u0022\u003E\n                                Energieeffizient ged\u00e4mmt: Neubau von Fischer \n                              \u003Cspan class=\u0022headline-last-word-arrow\u0022\u003EK\u00e4lte-Klima                      \u003C\/span\u003E\n        \u003C\/h4\u003E\n            \u003Cdiv class=\u0022teaser-content--publishing-date\u0022\u003E\u003Ctime datetime=\u00222023-05-11T11:11:43Z\u0022\u003E11.05.2023\u003C\/time\u003E\n\u003C\/div\u003E\u003Cspan class=\u0022teaser-content--publishing-date-divider\u0022\u003E - \u003C\/span\u003E\u003Cdiv class=\u0022teaser-content--body\u0022\u003E\u003Cp\u003EWenn Sicherheit, Energieeffizienz und ein gesundes Raumklima Priorit\u00e4t bei Bauprojekten besitzen, f\u00fchrt kein Weg an einer langfristig sicheren technischen D\u00e4mmung der Anlagenteile vorbei. So stand f\u00fcr den verantwortlichen TGA-Planer Matthias Klauser au\u00dfer Frage, im Neubau der Firmenzentrale von Fischer K\u00e4lte-Klima in Kernen den rauchgasarmen Elastomerd\u00e4mmstoff ArmaFlex Ultima von Armacell einzusetzen.\u003C\/p\u003E\n\u003C\/div\u003E\n                        \u003Cspan class=\u0022read-more-arrow-container\u0022\u003E\n            \u003Cspan class=\u0022read-more-angled-arrow\u0022\u003E \u003C\/span\u003E\n          \u003C\/span\u003E\n                  \u003C\/div\u003E\n    \u003C\/a\u003E\n\u003Ca href=\u0022\/ausfuehrung\/im-einsatz-mabi-zuschneidemaschine-bingo-4e-evo\u0022  class=\u0022teaser teaser--standard\u0022 aria-label=\u0022Im Einsatz: MABI-Zuschneidemaschine Bingo 4E EVO\u0022\u003E\n      \u003Cdiv class=\u0022teaser-content--image\u0022\u003E\n        \u003Cfigure class=\u0022image--figure\u0022\u003E\n        \u003Cpicture\u003E\n                        \u003Csource srcset=\u0022\/sites\/default\/files\/styles\/teaser_standard__m\/public\/2023-04\/4229646.jpg.webp?itok=8Kgo4OlT 1x\u0022 media=\u0022(min-width: 48.0625em) and (max-width: 64em)\u0022 type=\u0022image\/webp\u0022 width=\u0022323\u0022 height=\u0022182\u0022\/\u003E\n                  \u003Csource srcset=\u0022\/sites\/default\/files\/styles\/teaser_standard__l\/public\/2023-04\/4229646.jpg.webp?itok=o5Uy7Oo1 1x\u0022 media=\u0022(min-width: 64.0625em)\u0022 type=\u0022image\/webp\u0022 width=\u0022203\u0022 height=\u0022114\u0022\/\u003E\n                  \u003Csource srcset=\u0022\/sites\/default\/files\/styles\/teaser_standard__m\/public\/2023-04\/4229646.jpg?itok=ow3PdR8y 1x\u0022 media=\u0022(min-width: 48.0625em) and (max-width: 64em)\u0022 type=\u0022image\/jpeg\u0022 width=\u0022323\u0022 height=\u0022182\u0022\/\u003E\n                  \u003Csource srcset=\u0022\/sites\/default\/files\/styles\/teaser_standard__l\/public\/2023-04\/4229646.jpg?itok=DZ0FTdYB 1x\u0022 media=\u0022(min-width: 64.0625em)\u0022 type=\u0022image\/jpeg\u0022 width=\u0022203\u0022 height=\u0022114\u0022\/\u003E\n                          \u003Cimg alt=\u0022Das Team AX Isolatiewerken in Strijen mit Ralph Hubers (Dritter von rechts).\u0022 loading=\u0022eager\u0022 data-caption-hide width=\u0022707\u0022 height=\u0022398\u0022 data-zoomed=\u0022https:\/\/www.tech-isolierung.de\/sites\/default\/files\/styles\/content__zoomed\/public\/2023-04\/4229646.jpg?itok=89vD11Zi\u0022 src=\u0022\/sites\/default\/files\/styles\/teaser_standard__s\/public\/2023-04\/4229646.jpg?itok=fICxjHbC\u0022 title=\u0022\u00a9 MABI AG\u0022 \/\u003E\n\n    \u003C\/picture\u003E\n      \u003Cfigcaption class=\u0022image--figcaption\u0022\u003E\n          \u003Cdiv class=\u0022copyright\u0022\u003EMABI AG\u003C\/div\u003E\n          \u003C\/figcaption\u003E\n\u003C\/figure\u003E\n\n\n    \u003C\/div\u003E\n    \u003Cdiv class=\u0022teaser-content\u0022\u003E\n                    \u003Cdiv class=\u0022teaser-content--kicker\u0022\u003E\n                    \n        \u003C\/div\u003E\n                                              \n                        \n        \u003Ch4 class=\u0022teaser-content--headline\u0022\u003E\n                                Im Einsatz: MABI-Zuschneidemaschine Bingo 4E \n                              \u003Cspan class=\u0022headline-last-word-arrow\u0022\u003EEVO                      \u003C\/span\u003E\n        \u003C\/h4\u003E\n            \u003Cdiv class=\u0022teaser-content--publishing-date\u0022\u003E\u003Ctime datetime=\u00222023-04-27T11:14:07Z\u0022\u003E27.04.2023\u003C\/time\u003E\n\u003C\/div\u003E\u003Cspan class=\u0022teaser-content--publishing-date-divider\u0022\u003E - \u003C\/span\u003E\u003Cdiv class=\u0022teaser-content--body\u0022\u003E\u003Cp\u003ERalph Hubers f\u00fchrt mit dem Technisch Isolatiebedrijf Nijmegen in Middelaar im Osten der Niederlande ein florierendes Gesch\u00e4ft, zu dem auch eine MABI Laserschneidanlage geh\u00f6rt. Das Unternehmen ist so erfolgreich, dass mit der \u00dcbernahme der AX Isolatiewerken in Strijen k\u00fcrzlich eine Tochtergesellschaft gegr\u00fcndet wurde, die unter anderem die Industrie und den Hafen in Rotterdam und Antwerpen bedient. Herzst\u00fcck f\u00fcr die Blechverarbeitung: Die neue MABI Bingo 4E EVO.\u003C\/p\u003E\n\u003C\/div\u003E\n                        \u003Cspan class=\u0022read-more-arrow-container\u0022\u003E\n            \u003Cspan class=\u0022read-more-angled-arrow\u0022\u003E \u003C\/span\u003E\n          \u003C\/span\u003E\n                  \u003C\/div\u003E\n    \u003C\/a\u003E\n\u003Ca href=\u0022\/ausfuehrung\/dguv-information-sicherheit-bei-der-blechbearbeitung-erschienen\u0022  class=\u0022teaser teaser--standard\u0022 aria-label=\u0022DGUV Information \u0022Sicherheit bei der Blechbearbeitung\u0022 erschienen\u0022\u003E\n      \u003Cdiv class=\u0022teaser-content--image\u0022\u003E\n        \u003Cfigure class=\u0022image--figure\u0022\u003E\n        \u003Cpicture\u003E\n                        \u003Csource srcset=\u0022\/sites\/default\/files\/styles\/teaser_standard__m\/public\/2023-01\/4234792.jpg.webp?itok=TwUwMigH 1x\u0022 media=\u0022(min-width: 48.0625em) and (max-width: 64em)\u0022 type=\u0022image\/webp\u0022 width=\u0022323\u0022 height=\u0022182\u0022\/\u003E\n                  \u003Csource srcset=\u0022\/sites\/default\/files\/styles\/teaser_standard__l\/public\/2023-01\/4234792.jpg.webp?itok=TbzpJ5y_ 1x\u0022 media=\u0022(min-width: 64.0625em)\u0022 type=\u0022image\/webp\u0022 width=\u0022203\u0022 height=\u0022114\u0022\/\u003E\n                  \u003Csource srcset=\u0022\/sites\/default\/files\/styles\/teaser_standard__m\/public\/2023-01\/4234792.jpg?itok=l2AJR-Ch 1x\u0022 media=\u0022(min-width: 48.0625em) and (max-width: 64em)\u0022 type=\u0022image\/jpeg\u0022 width=\u0022323\u0022 height=\u0022182\u0022\/\u003E\n                  \u003Csource srcset=\u0022\/sites\/default\/files\/styles\/teaser_standard__l\/public\/2023-01\/4234792.jpg?itok=qjCnNhJp 1x\u0022 media=\u0022(min-width: 64.0625em)\u0022 type=\u0022image\/jpeg\u0022 width=\u0022203\u0022 height=\u0022114\u0022\/\u003E\n                          \u003Cimg alt=\u0022Person mit Sicherheitshandschuhen schiebt ein Metallblech in eine Maschine\u0022 loading=\u0022eager\u0022 data-caption-hide width=\u0022707\u0022 height=\u0022398\u0022 data-zoomed=\u0022https:\/\/www.tech-isolierung.de\/sites\/default\/files\/styles\/content__zoomed\/public\/2023-01\/4234792.jpg?itok=m0EjI2gj\u0022 src=\u0022\/sites\/default\/files\/styles\/teaser_standard__s\/public\/2023-01\/4234792.jpg?itok=9w2aMouv\u0022 title=\u0022\u00a9 Michal Jarmoluk auf Pixabay\u0022 \/\u003E\n\n    \u003C\/picture\u003E\n      \u003Cfigcaption class=\u0022image--figcaption\u0022\u003E\n          \u003Cdiv class=\u0022copyright\u0022\u003EMichal Jarmoluk auf Pixabay\u003C\/div\u003E\n          \u003C\/figcaption\u003E\n\u003C\/figure\u003E\n\n\n    \u003C\/div\u003E\n    \u003Cdiv class=\u0022teaser-content\u0022\u003E\n                    \u003Cdiv class=\u0022teaser-content--kicker\u0022\u003E\n                    \n        \u003C\/div\u003E\n                                              \n                        \n        \u003Ch4 class=\u0022teaser-content--headline\u0022\u003E\n                                DGUV Information \u0022Sicherheit bei der Blechbearbeitung\u0022 \n                              \u003Cspan class=\u0022headline-last-word-arrow\u0022\u003Eerschienen                      \u003C\/span\u003E\n        \u003C\/h4\u003E\n            \u003Cdiv class=\u0022teaser-content--publishing-date\u0022\u003E\u003Ctime datetime=\u00222023-01-23T15:43:21Z\u0022\u003E23.01.2023\u003C\/time\u003E\n\u003C\/div\u003E\u003Cspan class=\u0022teaser-content--publishing-date-divider\u0022\u003E - \u003C\/span\u003E\u003Cdiv class=\u0022teaser-content--body\u0022\u003E\u003Cp\u003EIm Januar 2023 ist die DGUV Information \u0022Sicherheit bei der Blechbearbeitung\u0022 erschienen und kostenfrei als pdf erh\u00e4ltlich. Sie informiert \u00fcber die Gef\u00e4hrdungen beim Umgang mit Blechen z.B. bei verschiedenen Biegeverfahren.\u003C\/p\u003E\n\u003C\/div\u003E\n                        \u003Cspan class=\u0022read-more-arrow-container\u0022\u003E\n            \u003Cspan class=\u0022read-more-angled-arrow\u0022\u003E \u003C\/span\u003E\n          \u003C\/span\u003E\n                  \u003C\/div\u003E\n    \u003C\/a\u003E\n\u003Ca href=\u0022\/ausfuehrung\/sanierung-der-daemmung-nach-brand-einer-produktionsanlage\u0022  class=\u0022teaser teaser--standard\u0022 aria-label=\u0022Sanierung der D\u00e4mmung nach Brand in einer Produktionsanlage\u0022\u003E\n      \u003Cdiv class=\u0022teaser-content--image\u0022\u003E\n        \u003Cfigure class=\u0022image--figure\u0022\u003E\n        \u003Cpicture\u003E\n                        \u003Csource srcset=\u0022\/sites\/default\/files\/styles\/teaser_standard__m\/public\/2023-01\/4210062.jpg.webp?itok=mwKzs3uR 1x\u0022 media=\u0022(min-width: 48.0625em) and (max-width: 64em)\u0022 type=\u0022image\/webp\u0022 width=\u0022323\u0022 height=\u0022182\u0022\/\u003E\n                  \u003Csource srcset=\u0022\/sites\/default\/files\/styles\/teaser_standard__l\/public\/2023-01\/4210062.jpg.webp?itok=VA-AgkMp 1x\u0022 media=\u0022(min-width: 64.0625em)\u0022 type=\u0022image\/webp\u0022 width=\u0022203\u0022 height=\u0022114\u0022\/\u003E\n                  \u003Csource srcset=\u0022\/sites\/default\/files\/styles\/teaser_standard__m\/public\/2023-01\/4210062.jpg?itok=vi4avCUS 1x\u0022 media=\u0022(min-width: 48.0625em) and (max-width: 64em)\u0022 type=\u0022image\/jpeg\u0022 width=\u0022323\u0022 height=\u0022182\u0022\/\u003E\n                  \u003Csource srcset=\u0022\/sites\/default\/files\/styles\/teaser_standard__l\/public\/2023-01\/4210062.jpg?itok=kxkuHyJD 1x\u0022 media=\u0022(min-width: 64.0625em)\u0022 type=\u0022image\/jpeg\u0022 width=\u0022203\u0022 height=\u0022114\u0022\/\u003E\n                          \u003Cimg loading=\u0022eager\u0022 data-caption-hide width=\u0022707\u0022 height=\u0022398\u0022 alt=\u0022Mit KKplus s1 ged\u00e4mmte Rohrleitung\u0022 data-zoomed=\u0022https:\/\/www.tech-isolierung.de\/sites\/default\/files\/styles\/content__zoomed\/public\/2023-01\/4210062.jpg?itok=BSK3B8Vn\u0022 src=\u0022\/sites\/default\/files\/styles\/teaser_standard__s\/public\/2023-01\/4210062.jpg?itok=n-ntApKT\u0022 title=\u0022\u00a9 Kaimann GmbH\u0022 \/\u003E\n\n    \u003C\/picture\u003E\n      \u003Cfigcaption class=\u0022image--figcaption\u0022\u003E\n          \u003Cdiv class=\u0022copyright\u0022\u003EKaimann GmbH\u003C\/div\u003E\n          \u003C\/figcaption\u003E\n\u003C\/figure\u003E\n\n\n    \u003C\/div\u003E\n    \u003Cdiv class=\u0022teaser-content\u0022\u003E\n                    \u003Cdiv class=\u0022teaser-content--kicker\u0022\u003E\n                    \n        \u003C\/div\u003E\n                                              \n                        \n        \u003Ch4 class=\u0022teaser-content--headline\u0022\u003E\n                                Sanierung der D\u00e4mmung nach Brand in einer \n                              \u003Cspan class=\u0022headline-last-word-arrow\u0022\u003EProduktionsanlage                      \u003C\/span\u003E\n        \u003C\/h4\u003E\n            \u003Cdiv class=\u0022teaser-content--publishing-date\u0022\u003E\u003Ctime datetime=\u00222023-01-11T18:03:29Z\u0022\u003E11.01.2023\u003C\/time\u003E\n\u003C\/div\u003E\u003Cspan class=\u0022teaser-content--publishing-date-divider\u0022\u003E - \u003C\/span\u003E\u003Cdiv class=\u0022teaser-content--body\u0022\u003E\u003Cp\u003EDer Ausfall einer Produktionsanlage geh\u00f6rt f\u00fcr das produzierende Gewerbe sicherlich zu den unerfreulichsten Szenarien. Mit jeder Minute Stillstand verliert das Unternehmen Geld. Wie schnell ein Brand wichtige Anlagenteile zerst\u00f6ren kann, musste die Nahrungsmittelfirma IREKS im Fr\u00fchjahr 2020 erfahren und setzt deswegen auf D\u00e4mmstoffe mit einer geringen Rauchentwicklung im Brandfall.\u0026nbsp;\u003C\/p\u003E\n\u003C\/div\u003E\n                        \u003Cspan class=\u0022read-more-arrow-container\u0022\u003E\n            \u003Cspan class=\u0022read-more-angled-arrow\u0022\u003E \u003C\/span\u003E\n          \u003C\/span\u003E\n                  \u003C\/div\u003E\n    \u003C\/a\u003E\n\u003Ca href=\u0022\/ausfuehrung\/tipcheck-energieaudit-einem-wiener-amtsgebaeude\u0022  class=\u0022teaser teaser--standard\u0022 aria-label=\u0022TIPCHECK-Energieaudit in einem Wiener Amtsgeb\u00e4ude\u0022\u003E\n      \u003Cdiv class=\u0022teaser-content--image\u0022\u003E\n        \u003Cfigure class=\u0022image--figure\u0022\u003E\n        \u003Cpicture\u003E\n                        \u003Csource srcset=\u0022\/sites\/default\/files\/styles\/teaser_standard__m\/public\/2022-12\/4193621.jpg.webp?itok=KBD9r5OB 1x\u0022 media=\u0022(min-width: 48.0625em) and (max-width: 64em)\u0022 type=\u0022image\/webp\u0022 width=\u0022323\u0022 height=\u0022182\u0022\/\u003E\n                  \u003Csource srcset=\u0022\/sites\/default\/files\/styles\/teaser_standard__l\/public\/2022-12\/4193621.jpg.webp?itok=U6armgqL 1x\u0022 media=\u0022(min-width: 64.0625em)\u0022 type=\u0022image\/webp\u0022 width=\u0022203\u0022 height=\u0022114\u0022\/\u003E\n                  \u003Csource srcset=\u0022\/sites\/default\/files\/styles\/teaser_standard__m\/public\/2022-12\/4193621.jpg?itok=AHGkCImU 1x\u0022 media=\u0022(min-width: 48.0625em) and (max-width: 64em)\u0022 type=\u0022image\/jpeg\u0022 width=\u0022323\u0022 height=\u0022182\u0022\/\u003E\n                  \u003Csource srcset=\u0022\/sites\/default\/files\/styles\/teaser_standard__l\/public\/2022-12\/4193621.jpg?itok=LrYzEfC5 1x\u0022 media=\u0022(min-width: 64.0625em)\u0022 type=\u0022image\/jpeg\u0022 width=\u0022203\u0022 height=\u0022114\u0022\/\u003E\n                          \u003Cimg alt=\u0022Versorgungsleitung mit W\u00e4rmebr\u00fccke im Bereich des Auflagers\u0022 loading=\u0022eager\u0022 data-caption-hide width=\u0022707\u0022 height=\u0022398\u0022 data-zoomed=\u0022https:\/\/www.tech-isolierung.de\/sites\/default\/files\/styles\/content__zoomed\/public\/2022-12\/4193621.jpg?itok=w_FmKpho\u0022 src=\u0022\/sites\/default\/files\/styles\/teaser_standard__s\/public\/2022-12\/4193621.jpg?itok=G6usc8aB\u0022 title=\u0022\u00a9 Knauf Insulation\u0022 \/\u003E\n\n    \u003C\/picture\u003E\n      \u003Cfigcaption class=\u0022image--figcaption\u0022\u003E\n          \u003Cdiv class=\u0022copyright\u0022\u003EKnauf Insulation\u003C\/div\u003E\n          \u003C\/figcaption\u003E\n\u003C\/figure\u003E\n\n\n    \u003C\/div\u003E\n    \u003Cdiv class=\u0022teaser-content\u0022\u003E\n                    \u003Cdiv class=\u0022teaser-content--kicker\u0022\u003E\n                    \n        \u003C\/div\u003E\n                                              \n                        \n        \u003Ch4 class=\u0022teaser-content--headline\u0022\u003E\n                                TIPCHECK-Energieaudit in einem Wiener \n                              \u003Cspan class=\u0022headline-last-word-arrow\u0022\u003EAmtsgeb\u00e4ude                      \u003C\/span\u003E\n        \u003C\/h4\u003E\n            \u003Cdiv class=\u0022teaser-content--publishing-date\u0022\u003E\u003Ctime datetime=\u00222022-12-02T14:28:37Z\u0022\u003E02.12.2022\u003C\/time\u003E\n\u003C\/div\u003E\u003Cspan class=\u0022teaser-content--publishing-date-divider\u0022\u003E - \u003C\/span\u003E\u003Cdiv class=\u0022teaser-content--body\u0022\u003E\u003Cp\u003EIn einem Wiener Amtsgeb\u00e4ude wurde enormes Einsparpotenzial in der Heizungszentrale mithilfe des TIPCHECK-Energieaudit erkannt.\u003C\/p\u003E\n\u003C\/div\u003E\n                        \u003Cspan class=\u0022read-more-arrow-container\u0022\u003E\n            \u003Cspan class=\u0022read-more-angled-arrow\u0022\u003E \u003C\/span\u003E\n          \u003C\/span\u003E\n                  \u003C\/div\u003E\n    \u003C\/a\u003E\n\u003Ca href=\u0022\/ausfuehrung\/tiefkuehllager-fuer-lebensmittelproduzent\u0022  class=\u0022teaser teaser--standard\u0022 aria-label=\u0022Tiefk\u00fchllager f\u00fcr Lebensmittelproduzent\u0022\u003E\n      \u003Cdiv class=\u0022teaser-content--image\u0022\u003E\n        \u003Cfigure class=\u0022image--figure\u0022\u003E\n        \u003Cpicture\u003E\n                        \u003Csource srcset=\u0022\/sites\/default\/files\/styles\/teaser_standard__m\/public\/2022-10\/4157141.jpg.webp?itok=I9NPTQlg 1x\u0022 media=\u0022(min-width: 48.0625em) and (max-width: 64em)\u0022 type=\u0022image\/webp\u0022 width=\u0022323\u0022 height=\u0022182\u0022\/\u003E\n                  \u003Csource srcset=\u0022\/sites\/default\/files\/styles\/teaser_standard__l\/public\/2022-10\/4157141.jpg.webp?itok=THnRt9r_ 1x\u0022 media=\u0022(min-width: 64.0625em)\u0022 type=\u0022image\/webp\u0022 width=\u0022203\u0022 height=\u0022114\u0022\/\u003E\n                  \u003Csource srcset=\u0022\/sites\/default\/files\/styles\/teaser_standard__m\/public\/2022-10\/4157141.jpg?itok=g6qIxkP7 1x\u0022 media=\u0022(min-width: 48.0625em) and (max-width: 64em)\u0022 type=\u0022image\/jpeg\u0022 width=\u0022323\u0022 height=\u0022182\u0022\/\u003E\n                  \u003Csource srcset=\u0022\/sites\/default\/files\/styles\/teaser_standard__l\/public\/2022-10\/4157141.jpg?itok=-KMhZv61 1x\u0022 media=\u0022(min-width: 64.0625em)\u0022 type=\u0022image\/jpeg\u0022 width=\u0022203\u0022 height=\u0022114\u0022\/\u003E\n                          \u003Cimg alt=\u0022Die Verbindungsbr\u00fccke zum Tiefk\u00fchllager ist bei Freiberger mit Schleusen zur Abtrennung des inertisierten Bereichs und einer Brandschutzwand ausgestattet.\u0022 loading=\u0022eager\u0022 data-caption-hide width=\u0022707\u0022 height=\u0022398\u0022 data-zoomed=\u0022https:\/\/www.tech-isolierung.de\/sites\/default\/files\/styles\/content__zoomed\/public\/2022-10\/4157141.jpg?itok=-KIX2hVu\u0022 src=\u0022\/sites\/default\/files\/styles\/teaser_standard__s\/public\/2022-10\/4157141.jpg?itok=3ZWO2ooK\u0022 title=\u0022\u00a9 G+H K\u00fchllager- und Industriebau\u0022 \/\u003E\n\n    \u003C\/picture\u003E\n      \u003Cfigcaption class=\u0022image--figcaption\u0022\u003E\n          \u003Cdiv class=\u0022copyright\u0022\u003EG+H K\u00fchllager- und Industriebau\u003C\/div\u003E\n          \u003C\/figcaption\u003E\n\u003C\/figure\u003E\n\n\n    \u003C\/div\u003E\n    \u003Cdiv class=\u0022teaser-content\u0022\u003E\n                    \u003Cdiv class=\u0022teaser-content--kicker\u0022\u003E\n                    \n        \u003C\/div\u003E\n                                              \n                        \n        \u003Ch4 class=\u0022teaser-content--headline\u0022\u003E\n                                Tiefk\u00fchllager f\u00fcr \n                              \u003Cspan class=\u0022headline-last-word-arrow\u0022\u003ELebensmittelproduzent                      \u003C\/span\u003E\n        \u003C\/h4\u003E\n            \u003Cdiv class=\u0022teaser-content--publishing-date\u0022\u003E\u003Ctime datetime=\u00222022-10-13T11:24:42Z\u0022\u003E13.10.2022\u003C\/time\u003E\n\u003C\/div\u003E\u003Cspan class=\u0022teaser-content--publishing-date-divider\u0022\u003E - \u003C\/span\u003E\u003Cdiv class=\u0022teaser-content--body\u0022\u003E\u003Cp\u003EDie Freiberger Lebensmittel GmbH stellt tiefgek\u00fchlte Pizzen, Snacks und Pastaprodukte her. Damit die Tiefk\u00fchlware unbeschadet beim Endverbraucher ankommt, darf die K\u00fchlkette nicht unterbrochen werden. Um die Lagerkapazit\u00e4ten zu erweitern, ist am Standort Muggensturm in Baden-W\u00fcrttemberg ein neues Tiefk\u00fchllager entstanden. Mit der Isolierung des Geb\u00e4udes sowie der Anbringung der Au\u00dfenpaneele war die G+H K\u00fchllager- und Industriebau GmbH beauftragt.\u003C\/p\u003E\n\u003C\/div\u003E\n                        \u003Cspan class=\u0022read-more-arrow-container\u0022\u003E\n            \u003Cspan class=\u0022read-more-angled-arrow\u0022\u003E \u003C\/span\u003E\n          \u003C\/span\u003E\n                  \u003C\/div\u003E\n    \u003C\/a\u003E\n\u003Ca href=\u0022\/ausfuehrung\/daemmung-und-dachentwaesserung-beim-waermespeicher-rostock\u0022  class=\u0022teaser teaser--standard\u0022 aria-label=\u0022D\u00e4mmung und Dachentw\u00e4sserung beim W\u00e4rmespeicher in Rostock\u0022\u003E\n      \u003Cdiv class=\u0022teaser-content--image\u0022\u003E\n        \u003Cfigure class=\u0022image--figure\u0022\u003E\n        \u003Cpicture\u003E\n                        \u003Csource srcset=\u0022\/sites\/default\/files\/styles\/teaser_standard__m\/public\/2022-08\/4186507.jpg.webp?itok=ecU3pCCb 1x\u0022 media=\u0022(min-width: 48.0625em) and (max-width: 64em)\u0022 type=\u0022image\/webp\u0022 width=\u0022323\u0022 height=\u0022182\u0022\/\u003E\n                  \u003Csource srcset=\u0022\/sites\/default\/files\/styles\/teaser_standard__l\/public\/2022-08\/4186507.jpg.webp?itok=dqHAsnYA 1x\u0022 media=\u0022(min-width: 64.0625em)\u0022 type=\u0022image\/webp\u0022 width=\u0022203\u0022 height=\u0022114\u0022\/\u003E\n                  \u003Csource srcset=\u0022\/sites\/default\/files\/styles\/teaser_standard__m\/public\/2022-08\/4186507.jpg?itok=Z6jL8LyE 1x\u0022 media=\u0022(min-width: 48.0625em) and (max-width: 64em)\u0022 type=\u0022image\/jpeg\u0022 width=\u0022323\u0022 height=\u0022182\u0022\/\u003E\n                  \u003Csource srcset=\u0022\/sites\/default\/files\/styles\/teaser_standard__l\/public\/2022-08\/4186507.jpg?itok=vvkcYCYb 1x\u0022 media=\u0022(min-width: 64.0625em)\u0022 type=\u0022image\/jpeg\u0022 width=\u0022203\u0022 height=\u0022114\u0022\/\u003E\n                          \u003Cimg alt=\u0022Die Stadtwerke Rostock haben im Hinblick auf die Energiewende nachhaltig investiert und einen 55 m hohen W\u00e4rmespeicher errichtet. Von besonderer Bedeutung war dabei das D\u00e4mmkonzept der Bohle Isoliertechnik GmbH.\u0022 loading=\u0022eager\u0022 data-caption-hide width=\u0022707\u0022 height=\u0022398\u0022 data-zoomed=\u0022https:\/\/www.tech-isolierung.de\/sites\/default\/files\/styles\/content__zoomed\/public\/2022-08\/4186507.jpg?itok=mho1mLTl\u0022 src=\u0022\/sites\/default\/files\/styles\/teaser_standard__s\/public\/2022-08\/4186507.jpg?itok=3Vl5zClh\u0022 title=\u0022\u00a9 Bohle Gruppe\/T.Elger elgerart.de\u0022 \/\u003E\n\n    \u003C\/picture\u003E\n      \u003Cfigcaption class=\u0022image--figcaption\u0022\u003E\n          \u003Cdiv class=\u0022copyright\u0022\u003EBohle Gruppe\/T.Elger elgerart.de\u003C\/div\u003E\n          \u003C\/figcaption\u003E\n\u003C\/figure\u003E\n\n\n    \u003C\/div\u003E\n    \u003Cdiv class=\u0022teaser-content\u0022\u003E\n                    \u003Cdiv class=\u0022teaser-content--kicker\u0022\u003E\n                    \n        \u003C\/div\u003E\n                                              \n                        \n        \u003Ch4 class=\u0022teaser-content--headline\u0022\u003E\n                                D\u00e4mmung und Dachentw\u00e4sserung beim W\u00e4rmespeicher in \n                              \u003Cspan class=\u0022headline-last-word-arrow\u0022\u003ERostock                      \u003C\/span\u003E\n        \u003C\/h4\u003E\n            \u003Cdiv class=\u0022teaser-content--publishing-date\u0022\u003E\u003Ctime datetime=\u00222022-08-25T11:28:53Z\u0022\u003E25.08.2022\u003C\/time\u003E\n\u003C\/div\u003E\u003Cspan class=\u0022teaser-content--publishing-date-divider\u0022\u003E - \u003C\/span\u003E\u003Cdiv class=\u0022teaser-content--body\u0022\u003E\u003Cp\u003EIm Zuge der Energiewende, dem Vorschub erneuerbarer Energien sowie der effizienten Nutzung fossiler Brennstoffe im Hinblick auf die Strom- und W\u00e4rmeversorgung kommt der Transformation, Speicherung von Energie in jeglicher Form die zentralste Bedeutung zu. Nur wer es schafft, wertvolle Energie und Abw\u00e4rme aus der konventionellen Energieerzeugung so zu speichern, dass sie zielgerichtet und punktgenau z.B. zur Fernw\u00e4rmeversorgung abgerufen werden kann, wird sich am Markt behaupten und Nachhaltigkeit leben.\u003C\/p\u003E\n\u003C\/div\u003E\n                        \u003Cspan class=\u0022read-more-arrow-container\u0022\u003E\n            \u003Cspan class=\u0022read-more-angled-arrow\u0022\u003E \u003C\/span\u003E\n          \u003C\/span\u003E\n                  \u003C\/div\u003E\n    \u003C\/a\u003E\n\u003Ca href=\u0022\/ausfuehrung\/rohrabschottungen-warum-einfach-wenns-auch-kompliziert-geht\u0022  class=\u0022teaser teaser--standard\u0022 aria-label=\u0022Rohrabschottungen: Warum einfach, wenn\u0027s auch kompliziert geht?\u0022\u003E\n      \u003Cdiv class=\u0022teaser-content--image\u0022\u003E\n        \u003Cfigure class=\u0022image--figure\u0022\u003E\n        \u003Cpicture\u003E\n                        \u003Csource srcset=\u0022\/sites\/default\/files\/styles\/teaser_standard__m\/public\/2022-06\/4145660.jpg.webp?itok=15-1bnF8 1x\u0022 media=\u0022(min-width: 48.0625em) and (max-width: 64em)\u0022 type=\u0022image\/webp\u0022 width=\u0022323\u0022 height=\u0022182\u0022\/\u003E\n                  \u003Csource srcset=\u0022\/sites\/default\/files\/styles\/teaser_standard__l\/public\/2022-06\/4145660.jpg.webp?itok=HwkgIkon 1x\u0022 media=\u0022(min-width: 64.0625em)\u0022 type=\u0022image\/webp\u0022 width=\u0022203\u0022 height=\u0022114\u0022\/\u003E\n                  \u003Csource srcset=\u0022\/sites\/default\/files\/styles\/teaser_standard__m\/public\/2022-06\/4145660.jpg?itok=S3xDXzLk 1x\u0022 media=\u0022(min-width: 48.0625em) and (max-width: 64em)\u0022 type=\u0022image\/jpeg\u0022 width=\u0022323\u0022 height=\u0022182\u0022\/\u003E\n                  \u003Csource srcset=\u0022\/sites\/default\/files\/styles\/teaser_standard__l\/public\/2022-06\/4145660.jpg?itok=0dmrl_PC 1x\u0022 media=\u0022(min-width: 64.0625em)\u0022 type=\u0022image\/jpeg\u0022 width=\u0022203\u0022 height=\u0022114\u0022\/\u003E\n                          \u003Cimg alt=\u0022Klassifizierte Rohrabschottung PYROSTAT UNI nach DIN 4102-11 und EN 1366-3 in leichter Trennwand\u0022 loading=\u0022eager\u0022 data-caption-hide width=\u0022707\u0022 height=\u0022398\u0022 data-zoomed=\u0022https:\/\/www.tech-isolierung.de\/sites\/default\/files\/styles\/content__zoomed\/public\/2022-06\/4145660.jpg?itok=O8ORPowl\u0022 src=\u0022\/sites\/default\/files\/styles\/teaser_standard__s\/public\/2022-06\/4145660.jpg?itok=v_ZittPl\u0022 title=\u0022\u00a9 G+H Isolierung\u0022 \/\u003E\n\n    \u003C\/picture\u003E\n      \u003Cfigcaption class=\u0022image--figcaption\u0022\u003E\n          \u003Cdiv class=\u0022copyright\u0022\u003EG+H Isolierung\u003C\/div\u003E\n          \u003C\/figcaption\u003E\n\u003C\/figure\u003E\n\n\n    \u003C\/div\u003E\n    \u003Cdiv class=\u0022teaser-content\u0022\u003E\n                    \u003Cdiv class=\u0022teaser-content--kicker\u0022\u003E\n                    \n        \u003C\/div\u003E\n                                              \n                        \n        \u003Ch4 class=\u0022teaser-content--headline\u0022\u003E\n                                Rohrabschottungen: Warum einfach, wenn\u0027s auch kompliziert \n                              \u003Cspan class=\u0022headline-last-word-arrow\u0022\u003Egeht?                      \u003C\/span\u003E\n        \u003C\/h4\u003E\n            \u003Cdiv class=\u0022teaser-content--publishing-date\u0022\u003E\u003Ctime datetime=\u00222022-06-21T10:52:40Z\u0022\u003E21.06.2022\u003C\/time\u003E\n\u003C\/div\u003E\u003Cspan class=\u0022teaser-content--publishing-date-divider\u0022\u003E - \u003C\/span\u003E\u003Cdiv class=\u0022teaser-content--body\u0022\u003E\u003Cp\u003ERohrabschottungen verhindern, dass Feuer, Rauch sowie unzul\u00e4ssig hohe Temperaturen in andere  Geschosse, Wohnungen und Nutzungseinheiten \u00fcbertragen werden. Dieser Beitrag gibt einen \u00dcberblick \u00fcber die Anforderungen, die der bauliche Brandschutz stellt. An Beispielen wird gezeigt, was  bei der Montage von klassifizierten Abschottungen mit Verwendbarkeitsnachweis zu beachten ist  und welche rechtliche Verantwortung der Ausf\u00fchrende hat. Weiterhin erfolgt eine Abgrenzung zu den Erleichterungen nach der MLAR sowie ein Ausblick, welche \u00c4nderungen zu erwarten sind.\u003C\/p\u003E\n\u003C\/div\u003E\n                        \u003Cspan class=\u0022read-more-arrow-container\u0022\u003E\n            \u003Cspan class=\u0022read-more-angled-arrow\u0022\u003E \u003C\/span\u003E\n          \u003C\/span\u003E\n                  \u003C\/div\u003E\n    \u003C\/a\u003E\n","entity_type":"node","used_ids":["",254845,251517,242622,242620,242618,237089,237161,237121,237176,237258,237271,237292,237289,237279,237307,237316,237347,237319,237367],"show_more":""}]