[{"command":"showMoreTeasers","id":"del--paragraph-797867","content":"\u003Ca href=\u0022\/planung\/hochtemperaturwaermedaemmung-aus-dem-3d-druck\u0022  class=\u0022teaser teaser--standard\u0022 aria-label=\u0022Hochtemperatur\u00ad\u00adw\u00e4rme\u00add\u00e4mmung aus dem 3D-Druck\ufeff\u0022\u003E\n      \u003Cdiv class=\u0022teaser-content--image\u0022\u003E\n        \u003Cfigure class=\u0022image--figure\u0022\u003E\n        \u003Cpicture\u003E\n                        \u003Csource srcset=\u0022\/sites\/default\/files\/styles\/teaser_standard__m\/public\/aurora\/2026\/02\/515189.jpeg.webp?itok=ZlanokMj 1x\u0022 media=\u0022(min-width: 48.0625em) and (max-width: 64em)\u0022 type=\u0022image\/webp\u0022 width=\u0022323\u0022 height=\u0022230\u0022\/\u003E\n                  \u003Csource srcset=\u0022\/sites\/default\/files\/styles\/teaser_standard__l\/public\/aurora\/2026\/02\/515189.jpeg.webp?itok=lIJanTqb 1x\u0022 media=\u0022(min-width: 64.0625em)\u0022 type=\u0022image\/webp\u0022 width=\u0022203\u0022 height=\u0022144\u0022\/\u003E\n                  \u003Csource srcset=\u0022\/sites\/default\/files\/styles\/teaser_standard__m\/public\/aurora\/2026\/02\/515189.jpeg?itok=ottknFh2 1x\u0022 media=\u0022(min-width: 48.0625em) and (max-width: 64em)\u0022 type=\u0022image\/jpeg\u0022 width=\u0022323\u0022 height=\u0022230\u0022\/\u003E\n                  \u003Csource srcset=\u0022\/sites\/default\/files\/styles\/teaser_standard__l\/public\/aurora\/2026\/02\/515189.jpeg?itok=ObXuYfOS 1x\u0022 media=\u0022(min-width: 64.0625em)\u0022 type=\u0022image\/jpeg\u0022 width=\u0022203\u0022 height=\u0022144\u0022\/\u003E\n                          \u003Cimg loading=\u0022eager\u0022 data-caption-hide width=\u0022560\u0022 height=\u0022398\u0022 data-zoomed=\u0022https:\/\/www.tech-isolierung.de\/sites\/default\/files\/styles\/content__zoomed\/public\/aurora\/2026\/02\/515189.jpeg?itok=v_upPGjk\u0022 src=\u0022\/sites\/default\/files\/styles\/teaser_standard__s\/public\/aurora\/2026\/02\/515189.jpeg?itok=qg1sAd7y\u0022 title=\u0022Futuristischer 3D-Druck-Roboterarm mit leuchtenden digitalen Effekten in einer Hightech-Umgebung. - \u00a9 Foto: thanarak - stock.adobe.com\u0022 \/\u003E\n\n    \u003C\/picture\u003E\n      \u003Cfigcaption class=\u0022image--figcaption\u0022\u003E\n          \u003Cdiv class=\u0022copyright\u0022\u003EFoto: thanarak - stock.adobe.com\u003C\/div\u003E\n          \u003C\/figcaption\u003E\n\u003C\/figure\u003E\n\n\n    \u003C\/div\u003E\n    \u003Cdiv class=\u0022teaser-content\u0022\u003E\n                    \u003Cdiv class=\u0022teaser-content--kicker\u0022\u003E\n                    \n        \u003C\/div\u003E\n                                              \n                        \n        \u003Ch4 class=\u0022teaser-content--headline\u0022\u003E\n                                Hochtemperatur\u00ad\u00adw\u00e4rme\u00add\u00e4mmung aus dem \n                              \u003Cspan class=\u0022headline-last-word-arrow\u0022\u003E3D-Druck\ufeff              \u003Cspan\n                  class=\u0022permission-lock permission-lock-icon--lock\u0022\u003E\u003C\/span\u003E\n                                  \u003C\/span\u003E\n        \u003C\/h4\u003E\n            \u003Cdiv class=\u0022teaser-content--publishing-date\u0022\u003E\u003Ctime datetime=\u00222026-02-24T15:28:40Z\u0022\u003E24.02.2026\u003C\/time\u003E\n\u003C\/div\u003E\u003Cspan class=\u0022teaser-content--publishing-date-divider\u0022\u003E - \u003C\/span\u003E\u003Cdiv class=\u0022teaser-content--body\u0022\u003E\u003Cp\u003E3D-Druck trifft Hochtemperatur: Ein Forschungsvorhaben zeigt, wie sich D\u00e4mmformteile auf Perlitbasis bis rund 1.000 \u00b0C temperatur- und druckstabil herstellen lassen \u2013 inklusive gezielt gestalteter Innenstrukturen. W\u00e4rmeleitf\u00e4higkeits- und Druckversuche belegen, wie stark Geometrie, Steganteil und Pulverf\u00fcllung die D\u00e4mmwirkung beeinflussen \u2013 und warum ungef\u00fcllte Hohlr\u00e4ume durch Konvektion schnell zum Effizienzkiller werden. Das Spannende: Mit Simulationen lassen sich geeignete Strukturen schon vor dem Druck\u0026nbsp;bewerten. Wo flexible D\u00e4mmstoffe an Grenzen sto\u00dfen, k\u00f6nnten die gedruckten Bauteile k\u00fcnftig mehrere Aufgaben \u00fcbernehmen \u2013 von Prozessdurchf\u00fchrungen bis zu integrierten Str\u00f6mungskan\u00e4len. Peter Osgyan\u003C\/p\u003E\n\u003C\/div\u003E\n                        \u003Cspan class=\u0022read-more-arrow-container\u0022\u003E\n            \u003Cspan class=\u0022read-more-angled-arrow\u0022\u003E \u003C\/span\u003E\n          \u003C\/span\u003E\n                  \u003C\/div\u003E\n    \u003C\/a\u003E\n\u003Ca href=\u0022\/planung\/lueftungsleitungen-fachgerecht-daemmen\u0022  class=\u0022teaser teaser--standard\u0022 aria-label=\u0022\ufeffL\u00fcftungsleitungen\u00a0fachgerecht d\u00e4mmen\u0022\u003E\n      \u003Cdiv class=\u0022teaser-content--image\u0022\u003E\n        \u003Cfigure class=\u0022image--figure\u0022\u003E\n        \u003Cpicture\u003E\n                        \u003Csource srcset=\u0022\/sites\/default\/files\/styles\/teaser_standard__m\/public\/aurora\/2026\/02\/515137.jpeg.webp?itok=WBtuWBXk 1x\u0022 media=\u0022(min-width: 48.0625em) and (max-width: 64em)\u0022 type=\u0022image\/webp\u0022 width=\u0022323\u0022 height=\u0022215\u0022\/\u003E\n                  \u003Csource srcset=\u0022\/sites\/default\/files\/styles\/teaser_standard__l\/public\/aurora\/2026\/02\/515137.jpeg.webp?itok=27PMwGBj 1x\u0022 media=\u0022(min-width: 64.0625em)\u0022 type=\u0022image\/webp\u0022 width=\u0022203\u0022 height=\u0022135\u0022\/\u003E\n                  \u003Csource srcset=\u0022\/sites\/default\/files\/styles\/teaser_standard__m\/public\/aurora\/2026\/02\/515137.jpeg?itok=AYfEJ_Jv 1x\u0022 media=\u0022(min-width: 48.0625em) and (max-width: 64em)\u0022 type=\u0022image\/jpeg\u0022 width=\u0022323\u0022 height=\u0022215\u0022\/\u003E\n                  \u003Csource srcset=\u0022\/sites\/default\/files\/styles\/teaser_standard__l\/public\/aurora\/2026\/02\/515137.jpeg?itok=WQL1pBVT 1x\u0022 media=\u0022(min-width: 64.0625em)\u0022 type=\u0022image\/jpeg\u0022 width=\u0022203\u0022 height=\u0022135\u0022\/\u003E\n                          \u003Cimg alt=\u0022Luftverteilungsleitungen sollten generell so ged\u00e4mmt\u00a0werden, dass sowohl die Anforderungen an den Schutz vor W\u00e4rmever\u00adlusten als auch an den Brandschutz erf\u00fcllt sind\u00a0und\u00a0Kondenswasser in der Anlage vermieden wird.\u0022 loading=\u0022eager\u0022 data-caption-hide width=\u0022599\u0022 height=\u0022398\u0022 data-zoomed=\u0022https:\/\/www.tech-isolierung.de\/sites\/default\/files\/styles\/content__zoomed\/public\/aurora\/2026\/02\/515137.jpeg?itok=CpRSqAhu\u0022 src=\u0022\/sites\/default\/files\/styles\/teaser_standard__s\/public\/aurora\/2026\/02\/515137.jpeg?itok=6qZ8BaWk\u0022 title=\u0022\u00a9 Bild: Rockwool\u0022 \/\u003E\n\n    \u003C\/picture\u003E\n      \u003Cfigcaption class=\u0022image--figcaption\u0022\u003E\n          \u003Cdiv class=\u0022copyright\u0022\u003EBild: Rockwool\u003C\/div\u003E\n          \u003C\/figcaption\u003E\n\u003C\/figure\u003E\n\n\n    \u003C\/div\u003E\n    \u003Cdiv class=\u0022teaser-content\u0022\u003E\n                    \u003Cdiv class=\u0022teaser-content--kicker\u0022\u003E\n                    \n        \u003C\/div\u003E\n                                              \n                        \n        \u003Ch4 class=\u0022teaser-content--headline\u0022\u003E\n                                \ufeffL\u00fcftungsleitungen\u00a0fachgerecht \n                              \u003Cspan class=\u0022headline-last-word-arrow\u0022\u003Ed\u00e4mmen              \u003Cspan\n                  class=\u0022permission-lock permission-lock-icon--lock\u0022\u003E\u003C\/span\u003E\n                                  \u003C\/span\u003E\n        \u003C\/h4\u003E\n            \u003Cdiv class=\u0022teaser-content--publishing-date\u0022\u003E\u003Ctime datetime=\u00222026-02-24T15:28:33Z\u0022\u003E24.02.2026\u003C\/time\u003E\n\u003C\/div\u003E\u003Cspan class=\u0022teaser-content--publishing-date-divider\u0022\u003E - \u003C\/span\u003E\u003Cdiv class=\u0022teaser-content--body\u0022\u003E\u003Cp\u003EL\u00fcftungsleitungen werden je nach Zweck und Einsatz von Luft durchstr\u00f6mt, die w\u00e4rmer oder\u0026nbsp;k\u00e4lter ist als die Umgebung. Es ist daher naheliegend, eine D\u00e4mmung einzusetzen, die Einfl\u00fcsse auf die Raumtemperatur und Energieverluste minimiert. Gleichzeitig besteht das Risiko einer Tauwasserbildung auf L\u00fcftungsleitungen, die kalte Au\u00dfenluft durch R\u00e4ume mit h\u00f6herer Raumtemperatur f\u00fchren. Verlaufen L\u00fcftungsleitungen durch verschiedene Brand\u00adabschnitte eines Geb\u00e4udes, bestehen dar\u00fcber hinaus Anforderungen an ihre brandschutztechnische Bekleidung und an geeignete Abschottungen in feuerwiderstands\u00adf\u00e4higen W\u00e4nden und Decken. Eine M\u00f6glichkeit, allen Anforderungen gleicherma\u00dfen gerecht zu werden, ist der\u0026nbsp;Einsatz von nichtbrennbaren D\u00e4mmstoffen aus Steinwolle. Michael Kaffenberger-K\u00fcster fasst zusammen, was dabei zu beachten ist.\u003C\/p\u003E\n\u003C\/div\u003E\n                        \u003Cspan class=\u0022read-more-arrow-container\u0022\u003E\n            \u003Cspan class=\u0022read-more-angled-arrow\u0022\u003E \u003C\/span\u003E\n          \u003C\/span\u003E\n                  \u003C\/div\u003E\n    \u003C\/a\u003E\n\u003Ca href=\u0022\/planung\/kondensatrisiko-fuer-daemmkonstruktionen\u0022  class=\u0022teaser teaser--standard\u0022 aria-label=\u0022Kondensatrisiko f\u00fcr\u00a0D\u00e4mmkonstruktionen?\u0022\u003E\n      \u003Cdiv class=\u0022teaser-content--image\u0022\u003E\n        \u003Cfigure class=\u0022image--figure\u0022\u003E\n        \u003Cpicture\u003E\n                        \u003Csource srcset=\u0022\/sites\/default\/files\/styles\/teaser_standard__m\/public\/aurora\/2025\/12\/499480.jpeg.webp?itok=8YwiVV3m 1x\u0022 media=\u0022(min-width: 48.0625em) and (max-width: 64em)\u0022 type=\u0022image\/webp\u0022 width=\u0022323\u0022 height=\u0022212\u0022\/\u003E\n                  \u003Csource srcset=\u0022\/sites\/default\/files\/styles\/teaser_standard__l\/public\/aurora\/2025\/12\/499480.jpeg.webp?itok=aKLffWgF 1x\u0022 media=\u0022(min-width: 64.0625em)\u0022 type=\u0022image\/webp\u0022 width=\u0022203\u0022 height=\u0022133\u0022\/\u003E\n                  \u003Csource srcset=\u0022\/sites\/default\/files\/styles\/teaser_standard__m\/public\/aurora\/2025\/12\/499480.jpeg?itok=UJCOIZbZ 1x\u0022 media=\u0022(min-width: 48.0625em) and (max-width: 64em)\u0022 type=\u0022image\/jpeg\u0022 width=\u0022323\u0022 height=\u0022212\u0022\/\u003E\n                  \u003Csource srcset=\u0022\/sites\/default\/files\/styles\/teaser_standard__l\/public\/aurora\/2025\/12\/499480.jpeg?itok=MfyhwzMe 1x\u0022 media=\u0022(min-width: 64.0625em)\u0022 type=\u0022image\/jpeg\u0022 width=\u0022203\u0022 height=\u0022133\u0022\/\u003E\n                          \u003Cimg loading=\u0022eager\u0022 data-caption-hide width=\u0022606\u0022 height=\u0022398\u0022 data-zoomed=\u0022https:\/\/www.tech-isolierung.de\/sites\/default\/files\/styles\/content__zoomed\/public\/aurora\/2025\/12\/499480.jpeg?itok=DG7fwIAb\u0022 src=\u0022\/sites\/default\/files\/styles\/teaser_standard__s\/public\/aurora\/2025\/12\/499480.jpeg?itok=hY2lACLx\u0022 title=\u0022Gro\u00dfe silberne Industrierohre verlaufen \u00fcber ein flaches Dach unter einem strahlend blauen Himmel. - \u00a9 Foto: FIW M\u00fcnchen\u0022 \/\u003E\n\n    \u003C\/picture\u003E\n      \u003Cfigcaption class=\u0022image--figcaption\u0022\u003E\n          \u003Cdiv class=\u0022copyright\u0022\u003EFoto: FIW M\u00fcnchen\u003C\/div\u003E\n          \u003C\/figcaption\u003E\n\u003C\/figure\u003E\n\n\n    \u003C\/div\u003E\n    \u003Cdiv class=\u0022teaser-content\u0022\u003E\n                    \u003Cdiv class=\u0022teaser-content--kicker\u0022\u003E\n                    \n        \u003C\/div\u003E\n                                              \n                        \n        \u003Ch4 class=\u0022teaser-content--headline\u0022\u003E\n                                Kondensatrisiko \n                              \u003Cspan class=\u0022headline-last-word-arrow\u0022\u003Ef\u00fcr\u00a0D\u00e4mmkonstruktionen?                      \u003C\/span\u003E\n        \u003C\/h4\u003E\n            \u003Cdiv class=\u0022teaser-content--publishing-date\u0022\u003E\u003Ctime datetime=\u00222025-12-11T15:00:13Z\u0022\u003E11.12.2025\u003C\/time\u003E\n\u003C\/div\u003E\u003Cspan class=\u0022teaser-content--publishing-date-divider\u0022\u003E - \u003C\/span\u003E\u003Cdiv class=\u0022teaser-content--body\u0022\u003E\u003Cp\u003ENach DIN 4140 ist bei warmgehenden Rohrleitungen im Freien ein Luftspalt zwischen D\u00e4mmung und Ummantelung vorgeschrieben \u2013 aus Sorge vor Kondensat durch n\u00e4chtliche Strahlungsk\u00e4lte. Ein Langzeitversuch des FIW M\u00fcnchen mit unterschiedlichen Blechoberfl\u00e4chen und Heizzyklen untersucht nun, wie stark die passive Unterk\u00fchlung den Feuchtehaushalt im System wirklich beeinflusst \u2013 und ob die Forderung nach dem Luftspalt k\u00fcnftig neu bewertet werden kann. Dipl.-Ing. Roland Schreiner\u003C\/p\u003E\n\u003C\/div\u003E\n                        \u003Cspan class=\u0022read-more-arrow-container\u0022\u003E\n            \u003Cspan class=\u0022read-more-angled-arrow\u0022\u003E \u003C\/span\u003E\n          \u003C\/span\u003E\n                  \u003C\/div\u003E\n    \u003C\/a\u003E\n\u003Ca href=\u0022\/planung\/schwartmanns-stellt-vor\u0022  class=\u0022teaser teaser--standard\u0022 aria-label=\u0022Schwartmanns\u00a0stellt vor...\u0022\u003E\n      \u003Cdiv class=\u0022teaser-content--image\u0022\u003E\n        \u003Cfigure class=\u0022image--figure\u0022\u003E\n        \u003Cpicture\u003E\n                        \u003Csource srcset=\u0022\/sites\/default\/files\/styles\/teaser_standard__m\/public\/aurora\/2025\/12\/499452.jpeg.webp?itok=CI5HxNFZ 1x\u0022 media=\u0022(min-width: 48.0625em) and (max-width: 64em)\u0022 type=\u0022image\/webp\u0022 width=\u0022323\u0022 height=\u0022230\u0022\/\u003E\n                  \u003Csource srcset=\u0022\/sites\/default\/files\/styles\/teaser_standard__l\/public\/aurora\/2025\/12\/499452.jpeg.webp?itok=b5TMmhU6 1x\u0022 media=\u0022(min-width: 64.0625em)\u0022 type=\u0022image\/webp\u0022 width=\u0022203\u0022 height=\u0022144\u0022\/\u003E\n                  \u003Csource srcset=\u0022\/sites\/default\/files\/styles\/teaser_standard__m\/public\/aurora\/2025\/12\/499452.jpeg?itok=yspdR3jy 1x\u0022 media=\u0022(min-width: 48.0625em) and (max-width: 64em)\u0022 type=\u0022image\/jpeg\u0022 width=\u0022323\u0022 height=\u0022230\u0022\/\u003E\n                  \u003Csource srcset=\u0022\/sites\/default\/files\/styles\/teaser_standard__l\/public\/aurora\/2025\/12\/499452.jpeg?itok=_F_lqcRZ 1x\u0022 media=\u0022(min-width: 64.0625em)\u0022 type=\u0022image\/jpeg\u0022 width=\u0022203\u0022 height=\u0022144\u0022\/\u003E\n                          \u003Cimg alt=\u0022Die PRO-CUT ist die neue Faserlaser\u00a0Schneidanlage von Schwartmanns.\u0022 loading=\u0022eager\u0022 data-caption-hide width=\u0022560\u0022 height=\u0022398\u0022 data-zoomed=\u0022https:\/\/www.tech-isolierung.de\/sites\/default\/files\/styles\/content__zoomed\/public\/aurora\/2025\/12\/499452.jpeg?itok=DBSpsCBB\u0022 src=\u0022\/sites\/default\/files\/styles\/teaser_standard__s\/public\/aurora\/2025\/12\/499452.jpeg?itok=mDU8CzbE\u0022 title=\u0022\u00a9 Foto: Schwartmanns\u0022 \/\u003E\n\n    \u003C\/picture\u003E\n      \u003Cfigcaption class=\u0022image--figcaption\u0022\u003E\n          \u003Cdiv class=\u0022copyright\u0022\u003EFoto: Schwartmanns\u003C\/div\u003E\n          \u003C\/figcaption\u003E\n\u003C\/figure\u003E\n\n\n    \u003C\/div\u003E\n    \u003Cdiv class=\u0022teaser-content\u0022\u003E\n                    \u003Cdiv class=\u0022teaser-content--kicker\u0022\u003E\n                    \n        \u003C\/div\u003E\n                                              \n                        \n        \u003Ch4 class=\u0022teaser-content--headline\u0022\u003E\n                                Schwartmanns\u00a0stellt \n                              \u003Cspan class=\u0022headline-last-word-arrow\u0022\u003Evor...              \u003Cspan\n                  class=\u0022permission-lock permission-lock-icon--lock\u0022\u003E\u003C\/span\u003E\n                                  \u003C\/span\u003E\n        \u003C\/h4\u003E\n            \u003Cdiv class=\u0022teaser-content--publishing-date\u0022\u003E\u003Ctime datetime=\u00222025-12-11T15:00:11Z\u0022\u003E11.12.2025\u003C\/time\u003E\n\u003C\/div\u003E\u003Cspan class=\u0022teaser-content--publishing-date-divider\u0022\u003E - \u003C\/span\u003E\u003Cdiv class=\u0022teaser-content--body\u0022\u003E\u003Cp\u003E...die neue Faserlaser Schneidanlage f\u00fcr Tafelblech. Offiziele Bezeichnung PRO-CUT. Die Maschine kam bei der Europameisterschaft der Isolierer zu ihrem ersten Einsatz.\u003C\/p\u003E\n\u003C\/div\u003E\n                        \u003Cspan class=\u0022read-more-arrow-container\u0022\u003E\n            \u003Cspan class=\u0022read-more-angled-arrow\u0022\u003E \u003C\/span\u003E\n          \u003C\/span\u003E\n                  \u003C\/div\u003E\n    \u003C\/a\u003E\n\u003Ca href=\u0022\/planung\/schallschutz-der-schluessel-zu-hoeherem-komfort\u0022  class=\u0022teaser teaser--standard\u0022 aria-label=\u0022Schallschutz: Der Schl\u00fcssel zu h\u00f6herem Komfort\u0022\u003E\n      \u003Cdiv class=\u0022teaser-content--image\u0022\u003E\n        \u003Cfigure class=\u0022image--figure\u0022\u003E\n        \u003Cpicture\u003E\n                        \u003Csource srcset=\u0022\/sites\/default\/files\/styles\/teaser_standard__m\/public\/aurora\/2025\/08\/474762.jpeg.webp?itok=f3vU1Enx 1x\u0022 media=\u0022(min-width: 48.0625em) and (max-width: 64em)\u0022 type=\u0022image\/webp\u0022 width=\u0022323\u0022 height=\u0022230\u0022\/\u003E\n                  \u003Csource srcset=\u0022\/sites\/default\/files\/styles\/teaser_standard__l\/public\/aurora\/2025\/08\/474762.jpeg.webp?itok=jrKycBnh 1x\u0022 media=\u0022(min-width: 64.0625em)\u0022 type=\u0022image\/webp\u0022 width=\u0022203\u0022 height=\u0022144\u0022\/\u003E\n                  \u003Csource srcset=\u0022\/sites\/default\/files\/styles\/teaser_standard__m\/public\/aurora\/2025\/08\/474762.jpeg?itok=_EDFBcHb 1x\u0022 media=\u0022(min-width: 48.0625em) and (max-width: 64em)\u0022 type=\u0022image\/jpeg\u0022 width=\u0022323\u0022 height=\u0022230\u0022\/\u003E\n                  \u003Csource srcset=\u0022\/sites\/default\/files\/styles\/teaser_standard__l\/public\/aurora\/2025\/08\/474762.jpeg?itok=Tz0umSq_ 1x\u0022 media=\u0022(min-width: 64.0625em)\u0022 type=\u0022image\/jpeg\u0022 width=\u0022203\u0022 height=\u0022144\u0022\/\u003E\n                          \u003Cimg alt=\u0022L\u00e4rm stoppen, bevor er sich ausbreitet: Gebl\u00e4sekonvektoren k\u00f6nnen bis zu 55 dB(A) erzeugen und geh\u00f6ren in Gro\u00dfraumb\u00fcros und Hotels zu den Hauptst\u00f6rquellen. Akustische D\u00e4mmung reduziert die Schall\u00fcbertragung \u00fcber das Kanalsystem und tr\u00e4gt so zu einem ruhigen und angenehmen Raumklima bei.\u0022 loading=\u0022eager\u0022 data-caption-hide width=\u0022560\u0022 height=\u0022398\u0022 data-zoomed=\u0022https:\/\/www.tech-isolierung.de\/sites\/default\/files\/styles\/content__zoomed\/public\/aurora\/2025\/08\/474762.jpeg?itok=0JrH5HO1\u0022 src=\u0022\/sites\/default\/files\/styles\/teaser_standard__s\/public\/aurora\/2025\/08\/474762.jpeg?itok=K6xPzs0t\u0022 title=\u0022\u00a9 Foto: Armacell\u0022 \/\u003E\n\n    \u003C\/picture\u003E\n      \u003Cfigcaption class=\u0022image--figcaption\u0022\u003E\n          \u003Cdiv class=\u0022copyright\u0022\u003EFoto: Armacell\u003C\/div\u003E\n          \u003C\/figcaption\u003E\n\u003C\/figure\u003E\n\n\n    \u003C\/div\u003E\n    \u003Cdiv class=\u0022teaser-content\u0022\u003E\n                    \u003Cdiv class=\u0022teaser-content--kicker\u0022\u003E\n                    \n        \u003C\/div\u003E\n                                              \n                        \n        \u003Ch4 class=\u0022teaser-content--headline\u0022\u003E\n                                Schallschutz: Der Schl\u00fcssel zu h\u00f6herem \n                              \u003Cspan class=\u0022headline-last-word-arrow\u0022\u003EKomfort              \u003Cspan\n                  class=\u0022permission-lock permission-lock-icon--lock\u0022\u003E\u003C\/span\u003E\n                                  \u003C\/span\u003E\n        \u003C\/h4\u003E\n            \u003Cdiv class=\u0022teaser-content--publishing-date\u0022\u003E\u003Ctime datetime=\u00222025-09-04T08:40:14Z\u0022\u003E04.09.2025\u003C\/time\u003E\n\u003C\/div\u003E\u003Cspan class=\u0022teaser-content--publishing-date-divider\u0022\u003E - \u003C\/span\u003E\u003Cdiv class=\u0022teaser-content--body\u0022\u003E\u003Cp\u003EDie Urbanisierung und eine zunehmende Bev\u00f6lkerungsdichte in Wohn- und Arbeitsumgebungen haben zu einer steigenden L\u00e4rmbelastung gef\u00fchrt. Deshalb ist Schallschutz in der Geb\u00e4udetechnik l\u00e4ngst kein Luxus mehr, sondern eine grundlegende Anforderung. Eine gute Raumakustik ist ein wesentliches Element modernen Bauens und beeinflusst das Wohlbefinden, die Produktivit\u00e4t und die Lebensqualit\u00e4t unmittelbar. Dieser Artikel beleuchtet die Auswirkungen von L\u00e4rm und zeigt auf, wie akustische D\u00e4mmung helfen kann, typische Ger\u00e4uschquellen in Geb\u00e4uden, insbesondere aus L\u00fcftungs-, Klima-, Sanit\u00e4r- und Abwasseranlagen, zu mindern. Pascal Raphoz\u003C\/p\u003E\n\u003C\/div\u003E\n                        \u003Cspan class=\u0022read-more-arrow-container\u0022\u003E\n            \u003Cspan class=\u0022read-more-angled-arrow\u0022\u003E \u003C\/span\u003E\n          \u003C\/span\u003E\n                  \u003C\/div\u003E\n    \u003C\/a\u003E\n\u003Ca href=\u0022\/planung\/arbeitsschutz-digital-geloest\u0022  class=\u0022teaser teaser--standard\u0022 aria-label=\u0022Arbeitsschutz digital gel\u00f6st\u0022\u003E\n      \u003Cdiv class=\u0022teaser-content--image\u0022\u003E\n        \u003Cfigure class=\u0022image--figure\u0022\u003E\n        \u003Cpicture\u003E\n                        \u003Csource srcset=\u0022\/sites\/default\/files\/styles\/teaser_standard__m\/public\/aurora\/2025\/09\/474806.jpeg.webp?itok=Sj27FXzW 1x\u0022 media=\u0022(min-width: 48.0625em) and (max-width: 64em)\u0022 type=\u0022image\/webp\u0022 width=\u0022323\u0022 height=\u0022215\u0022\/\u003E\n                  \u003Csource srcset=\u0022\/sites\/default\/files\/styles\/teaser_standard__l\/public\/aurora\/2025\/09\/474806.jpeg.webp?itok=R-XF9fiU 1x\u0022 media=\u0022(min-width: 64.0625em)\u0022 type=\u0022image\/webp\u0022 width=\u0022203\u0022 height=\u0022135\u0022\/\u003E\n                  \u003Csource srcset=\u0022\/sites\/default\/files\/styles\/teaser_standard__m\/public\/aurora\/2025\/09\/474806.jpeg?itok=37GjePff 1x\u0022 media=\u0022(min-width: 48.0625em) and (max-width: 64em)\u0022 type=\u0022image\/jpeg\u0022 width=\u0022323\u0022 height=\u0022215\u0022\/\u003E\n                  \u003Csource srcset=\u0022\/sites\/default\/files\/styles\/teaser_standard__l\/public\/aurora\/2025\/09\/474806.jpeg?itok=pk2IT5dK 1x\u0022 media=\u0022(min-width: 64.0625em)\u0022 type=\u0022image\/jpeg\u0022 width=\u0022203\u0022 height=\u0022135\u0022\/\u003E\n                          \u003Cimg alt=\u0022Arbeitsschutz auf einen Blick, mit einem Klick \u2013 mit der LinSafe App soll Arbeitsschutz auf Baustellen digital, schnell und sicher werden.\u0022 loading=\u0022eager\u0022 data-caption-hide width=\u0022597\u0022 height=\u0022398\u0022 data-zoomed=\u0022https:\/\/www.tech-isolierung.de\/sites\/default\/files\/styles\/content__zoomed\/public\/aurora\/2025\/09\/474806.jpeg?itok=m6YoKwo_\u0022 src=\u0022\/sites\/default\/files\/styles\/teaser_standard__s\/public\/aurora\/2025\/09\/474806.jpeg?itok=2IuXN2b0\u0022 title=\u0022\u00a9 Foto: Lindner\u0022 \/\u003E\n\n    \u003C\/picture\u003E\n      \u003Cfigcaption class=\u0022image--figcaption\u0022\u003E\n          \u003Cdiv class=\u0022copyright\u0022\u003EFoto: Lindner\u003C\/div\u003E\n          \u003C\/figcaption\u003E\n\u003C\/figure\u003E\n\n\n    \u003C\/div\u003E\n    \u003Cdiv class=\u0022teaser-content\u0022\u003E\n                    \u003Cdiv class=\u0022teaser-content--kicker\u0022\u003E\n                    \n        \u003C\/div\u003E\n                                              \n                        \n        \u003Ch4 class=\u0022teaser-content--headline\u0022\u003E\n                                Arbeitsschutz digital \n                              \u003Cspan class=\u0022headline-last-word-arrow\u0022\u003Egel\u00f6st              \u003Cspan\n                  class=\u0022permission-lock permission-lock-icon--lock\u0022\u003E\u003C\/span\u003E\n                                  \u003C\/span\u003E\n        \u003C\/h4\u003E\n            \u003Cdiv class=\u0022teaser-content--publishing-date\u0022\u003E\u003Ctime datetime=\u00222025-09-04T08:39:56Z\u0022\u003E04.09.2025\u003C\/time\u003E\n\u003C\/div\u003E\u003Cspan class=\u0022teaser-content--publishing-date-divider\u0022\u003E - \u003C\/span\u003E\u003Cdiv class=\u0022teaser-content--body\u0022\u003E\u003Cp\u003EDie Lindner Group setzt auf eine digitale L\u00f6sung f\u00fcr die effiziente Gef\u00e4hrdungsbeurteilung direkt auf der Baustelle. Was LinSafe im Detail kann.\u003C\/p\u003E\n\u003C\/div\u003E\n                        \u003Cspan class=\u0022read-more-arrow-container\u0022\u003E\n            \u003Cspan class=\u0022read-more-angled-arrow\u0022\u003E \u003C\/span\u003E\n          \u003C\/span\u003E\n                  \u003C\/div\u003E\n    \u003C\/a\u003E\n\u003Ca href=\u0022\/planung\/auf-nummer-sicher-gehen-bei-rohrabschottungen-im-holzbau\u0022  class=\u0022teaser teaser--standard\u0022 aria-label=\u0022Auf Nummer sicher gehen bei Rohrabschottungen im Holzbau\u0022\u003E\n      \u003Cdiv class=\u0022teaser-content--image\u0022\u003E\n        \u003Cfigure class=\u0022image--figure\u0022\u003E\n        \u003Cpicture\u003E\n                        \u003Csource srcset=\u0022\/sites\/default\/files\/styles\/teaser_standard__m\/public\/aurora\/2025\/08\/474776.jpeg.webp?itok=3Ra5GHN6 1x\u0022 media=\u0022(min-width: 48.0625em) and (max-width: 64em)\u0022 type=\u0022image\/webp\u0022 width=\u0022302\u0022 height=\u0022242\u0022\/\u003E\n                  \u003Csource srcset=\u0022\/sites\/default\/files\/styles\/teaser_standard__l\/public\/aurora\/2025\/08\/474776.jpeg.webp?itok=Jxd-Om8t 1x\u0022 media=\u0022(min-width: 64.0625em)\u0022 type=\u0022image\/webp\u0022 width=\u0022190\u0022 height=\u0022152\u0022\/\u003E\n                  \u003Csource srcset=\u0022\/sites\/default\/files\/styles\/teaser_standard__m\/public\/aurora\/2025\/08\/474776.jpeg?itok=34OE99DU 1x\u0022 media=\u0022(min-width: 48.0625em) and (max-width: 64em)\u0022 type=\u0022image\/jpeg\u0022 width=\u0022302\u0022 height=\u0022242\u0022\/\u003E\n                  \u003Csource srcset=\u0022\/sites\/default\/files\/styles\/teaser_standard__l\/public\/aurora\/2025\/08\/474776.jpeg?itok=GyM8DEi1 1x\u0022 media=\u0022(min-width: 64.0625em)\u0022 type=\u0022image\/jpeg\u0022 width=\u0022190\u0022 height=\u0022152\u0022\/\u003E\n                          \u003Cimg alt=\u0022Rohrdurchf\u00fchrungen in Holzbauteilen m\u00fcssen hohe Anforderungen an den vorbeugenden Brandschutz erf\u00fcllen.\u0022 loading=\u0022eager\u0022 data-caption-hide width=\u0022497\u0022 height=\u0022398\u0022 data-zoomed=\u0022https:\/\/www.tech-isolierung.de\/sites\/default\/files\/styles\/content__zoomed\/public\/aurora\/2025\/08\/474776.jpeg?itok=xycdTMS6\u0022 src=\u0022\/sites\/default\/files\/styles\/teaser_standard__s\/public\/aurora\/2025\/08\/474776.jpeg?itok=VsqNhW9X\u0022 title=\u0022\u00a9 Bild: Geberit\u0022 \/\u003E\n\n    \u003C\/picture\u003E\n      \u003Cfigcaption class=\u0022image--figcaption\u0022\u003E\n          \u003Cdiv class=\u0022copyright\u0022\u003EBild: Geberit\u003C\/div\u003E\n          \u003C\/figcaption\u003E\n\u003C\/figure\u003E\n\n\n    \u003C\/div\u003E\n    \u003Cdiv class=\u0022teaser-content\u0022\u003E\n                    \u003Cdiv class=\u0022teaser-content--kicker\u0022\u003E\n                    \n        \u003C\/div\u003E\n                                              \n                        \n        \u003Ch4 class=\u0022teaser-content--headline\u0022\u003E\n                                Auf Nummer sicher gehen bei Rohrabschottungen im \n                              \u003Cspan class=\u0022headline-last-word-arrow\u0022\u003EHolzbau              \u003Cspan\n                  class=\u0022permission-lock permission-lock-icon--lock\u0022\u003E\u003C\/span\u003E\n                                  \u003C\/span\u003E\n        \u003C\/h4\u003E\n            \u003Cdiv class=\u0022teaser-content--publishing-date\u0022\u003E\u003Ctime datetime=\u00222025-09-04T08:39:53Z\u0022\u003E04.09.2025\u003C\/time\u003E\n\u003C\/div\u003E\u003Cspan class=\u0022teaser-content--publishing-date-divider\u0022\u003E - \u003C\/span\u003E\u003Cdiv class=\u0022teaser-content--body\u0022\u003E\u003Cp\u003EHolz erlebt derzeit aufgrund seiner zahlreichen Vorteile eine Renaissance als Baustoff, auch im\u0026nbsp;mehrgeschossigen Wohnungsbau. Doch Holzbau stellt gleichzeitig hohe Anforderungen an den\u0026nbsp;vorbeugenden Brandschutz. Eine besondere Herausforderung bilden Rohrdurchf\u00fchrungen in Decken und W\u00e4nden. Umso wichtiger ist es auf gepr\u00fcfte und bauaufsichtlich zugelassene Abschottungsl\u00f6sungen setzen zu k\u00f6nnen. Philipp Claus erl\u00e4utert die aktuellen bauaufsichtlichen Anforderungen, worauf es bei der Umsetzung ankommt und welche L\u00f6sungen besondere Vorteile bieten.\u003C\/p\u003E\n\u003C\/div\u003E\n                        \u003Cspan class=\u0022read-more-arrow-container\u0022\u003E\n            \u003Cspan class=\u0022read-more-angled-arrow\u0022\u003E \u003C\/span\u003E\n          \u003C\/span\u003E\n                  \u003C\/div\u003E\n    \u003C\/a\u003E\n\u003Ca href=\u0022\/planung\/betriebstechnische-isolierungen-mit-pu-ortschaum\u0022  class=\u0022teaser teaser--standard\u0022 aria-label=\u0022\ufeffBetriebstechnische\u00a0Isolierungen mit\u00a0PU-Ortschaum\u0022\u003E\n      \u003Cdiv class=\u0022teaser-content--image\u0022\u003E\n        \u003Cfigure class=\u0022image--figure\u0022\u003E\n        \u003Cpicture\u003E\n                        \u003Csource srcset=\u0022\/sites\/default\/files\/styles\/teaser_standard__m\/public\/aurora\/2025\/06\/454202.jpeg.webp?itok=vNwZ983z 1x\u0022 media=\u0022(min-width: 48.0625em) and (max-width: 64em)\u0022 type=\u0022image\/webp\u0022 width=\u0022186\u0022 height=\u0022242\u0022\/\u003E\n                  \u003Csource srcset=\u0022\/sites\/default\/files\/styles\/teaser_standard__l\/public\/aurora\/2025\/06\/454202.jpeg.webp?itok=-JoJflki 1x\u0022 media=\u0022(min-width: 64.0625em)\u0022 type=\u0022image\/webp\u0022 width=\u0022117\u0022 height=\u0022152\u0022\/\u003E\n                  \u003Csource srcset=\u0022\/sites\/default\/files\/styles\/teaser_standard__m\/public\/aurora\/2025\/06\/454202.jpeg?itok=njSwjzIG 1x\u0022 media=\u0022(min-width: 48.0625em) and (max-width: 64em)\u0022 type=\u0022image\/jpeg\u0022 width=\u0022186\u0022 height=\u0022242\u0022\/\u003E\n                  \u003Csource srcset=\u0022\/sites\/default\/files\/styles\/teaser_standard__l\/public\/aurora\/2025\/06\/454202.jpeg?itok=JYAF4Kpf 1x\u0022 media=\u0022(min-width: 64.0625em)\u0022 type=\u0022image\/jpeg\u0022 width=\u0022117\u0022 height=\u0022152\u0022\/\u003E\n                          \u003Cimg alt=\u0022Rohrleitungen einer K\u00e4lteanlage ged\u00e4mmt mit PU-Ortschaum.\u0022 loading=\u0022eager\u0022 data-caption-hide width=\u0022305\u0022 height=\u0022398\u0022 data-zoomed=\u0022https:\/\/www.tech-isolierung.de\/sites\/default\/files\/styles\/content__zoomed\/public\/aurora\/2025\/06\/454202.jpeg?itok=kLycLo-Q\u0022 src=\u0022\/sites\/default\/files\/styles\/teaser_standard__s\/public\/aurora\/2025\/06\/454202.jpeg?itok=djfhNgin\u0022 title=\u0022\u00a9 Foto: Lackfa\u0022 \/\u003E\n\n    \u003C\/picture\u003E\n      \u003Cfigcaption class=\u0022image--figcaption\u0022\u003E\n          \u003Cdiv class=\u0022copyright\u0022\u003EFoto: Lackfa\u003C\/div\u003E\n          \u003C\/figcaption\u003E\n\u003C\/figure\u003E\n\n\n    \u003C\/div\u003E\n    \u003Cdiv class=\u0022teaser-content\u0022\u003E\n                    \u003Cdiv class=\u0022teaser-content--kicker\u0022\u003E\n                    \n        \u003C\/div\u003E\n                                              \n                        \n        \u003Ch4 class=\u0022teaser-content--headline\u0022\u003E\n                                \ufeffBetriebstechnische\u00a0Isolierungen \n                              \u003Cspan class=\u0022headline-last-word-arrow\u0022\u003Emit\u00a0PU-Ortschaum              \u003Cspan\n                  class=\u0022permission-lock permission-lock-icon--lock\u0022\u003E\u003C\/span\u003E\n                                  \u003C\/span\u003E\n        \u003C\/h4\u003E\n            \u003Cdiv class=\u0022teaser-content--publishing-date\u0022\u003E\u003Ctime datetime=\u00222025-06-13T10:55:30Z\u0022\u003E13.06.2025\u003C\/time\u003E\n\u003C\/div\u003E\u003Cspan class=\u0022teaser-content--publishing-date-divider\u0022\u003E - \u003C\/span\u003E\u003Cdiv class=\u0022teaser-content--body\u0022\u003E\u003Cp\u003EEffizient, vielseitig und direkt vor Ort einsetzbar \u2013 PU-Ortschaum ist ein D\u00e4mmstoff f\u00fcr anspruchsvolle Anwendungen in der K\u00e4lte- und W\u00e4rmetechnik. Ob unregelm\u00e4\u00dfige Untergr\u00fcnde, Temperaturen bis \u2013180\u202f\u00b0C oder mechanische Belastungen: Der fugenlos aufgetragene Polyurethan-Hartschaum \u00fcberzeugt durch seine D\u00e4mmwerte, Druckfestigkeit und nachhaltige Weiterentwicklung. Erfahren Sie, welche\u0026nbsp;technischen Anforderungen, Normen und Verarbeitungsvorgaben dabei zu beachten sind \u2013 und warum PU-Ortschaum heute mehr kann als je zuvor.\u003C\/p\u003E\n\u003C\/div\u003E\n                        \u003Cspan class=\u0022read-more-arrow-container\u0022\u003E\n            \u003Cspan class=\u0022read-more-angled-arrow\u0022\u003E \u003C\/span\u003E\n          \u003C\/span\u003E\n                  \u003C\/div\u003E\n    \u003C\/a\u003E\n\u003Ca href=\u0022\/planung\/rohrdaemmung-und-leitungsabschottung-aus-steinwolle\u0022  class=\u0022teaser teaser--standard\u0022 aria-label=\u0022Rohrd\u00e4mmung und Leitungsabschottung aus Steinwolle \u0022\u003E\n      \u003Cdiv class=\u0022teaser-content--image\u0022\u003E\n        \u003Cfigure class=\u0022image--figure\u0022\u003E\n        \u003Cpicture\u003E\n                        \u003Csource srcset=\u0022\/sites\/default\/files\/styles\/teaser_standard__m\/public\/aurora\/2025\/03\/430674.jpeg.webp?itok=9EFJ7fqA 1x\u0022 media=\u0022(min-width: 48.0625em) and (max-width: 64em)\u0022 type=\u0022image\/webp\u0022 width=\u0022305\u0022 height=\u0022242\u0022\/\u003E\n                  \u003Csource srcset=\u0022\/sites\/default\/files\/styles\/teaser_standard__l\/public\/aurora\/2025\/03\/430674.jpeg.webp?itok=5wf1Xife 1x\u0022 media=\u0022(min-width: 64.0625em)\u0022 type=\u0022image\/webp\u0022 width=\u0022191\u0022 height=\u0022152\u0022\/\u003E\n                  \u003Csource srcset=\u0022\/sites\/default\/files\/styles\/teaser_standard__m\/public\/aurora\/2025\/03\/430674.jpeg?itok=UX0O7rCf 1x\u0022 media=\u0022(min-width: 48.0625em) and (max-width: 64em)\u0022 type=\u0022image\/jpeg\u0022 width=\u0022305\u0022 height=\u0022242\u0022\/\u003E\n                  \u003Csource srcset=\u0022\/sites\/default\/files\/styles\/teaser_standard__l\/public\/aurora\/2025\/03\/430674.jpeg?itok=oy8kMhA5 1x\u0022 media=\u0022(min-width: 64.0625em)\u0022 type=\u0022image\/jpeg\u0022 width=\u0022191\u0022 height=\u0022152\u0022\/\u003E\n                          \u003Cimg alt=\u0022Die Deutsche Investment plante in Berlin-Charlottenburg zwei freistehende Mehrfamilienh\u00e4user mit insgesamt 70 Wohneinheiten im gro\u00dfen Innenhof eines Wohnquartiers. Jede Wohnung hat einen privaten Balkon oder eine Terrasse.\u0022 loading=\u0022eager\u0022 data-caption-hide width=\u0022501\u0022 height=\u0022398\u0022 data-zoomed=\u0022https:\/\/www.tech-isolierung.de\/sites\/default\/files\/styles\/content__zoomed\/public\/aurora\/2025\/03\/430674.jpeg?itok=BSfaau8F\u0022 src=\u0022\/sites\/default\/files\/styles\/teaser_standard__s\/public\/aurora\/2025\/03\/430674.jpeg?itok=i6Z4__zO\u0022 title=\u0022\u00a9 Foto: Deutsche Investment Kapitalverwaltung AG\u0022 \/\u003E\n\n    \u003C\/picture\u003E\n      \u003Cfigcaption class=\u0022image--figcaption\u0022\u003E\n          \u003Cdiv class=\u0022copyright\u0022\u003EFoto: Deutsche Investment Kapitalverwaltung AG\u003C\/div\u003E\n          \u003C\/figcaption\u003E\n\u003C\/figure\u003E\n\n\n    \u003C\/div\u003E\n    \u003Cdiv class=\u0022teaser-content\u0022\u003E\n                    \u003Cdiv class=\u0022teaser-content--kicker\u0022\u003E\n                    \n        \u003C\/div\u003E\n                                              \n                        \n        \u003Ch4 class=\u0022teaser-content--headline\u0022\u003E\n                                Rohrd\u00e4mmung und Leitungsabschottung aus \n                              \u003Cspan class=\u0022headline-last-word-arrow\u0022\u003ESteinwolle              \u003Cspan\n                  class=\u0022permission-lock permission-lock-icon--lock\u0022\u003E\u003C\/span\u003E\n                                  \u003C\/span\u003E\n        \u003C\/h4\u003E\n            \u003Cdiv class=\u0022teaser-content--publishing-date\u0022\u003E\u003Ctime datetime=\u00222025-02-21T16:22:30Z\u0022\u003E21.02.2025\u003C\/time\u003E\n\u003C\/div\u003E\u003Cspan class=\u0022teaser-content--publishing-date-divider\u0022\u003E - \u003C\/span\u003E\u003Cdiv class=\u0022teaser-content--body\u0022\u003E\u003Cp\u003EF\u00fcr zwei Mehrfamilienh\u00e4user, die aus komplett vorgefertigten Holzmodulen in Berlin erstellt wurden, entwickelte und pr\u00fcfte die Deutsche Rockwool eine L\u00f6sung f\u00fcr die nichtbrennbare D\u00e4mmung und Abschottung der haustechnischen Leitungen. Als gute Basis f\u00fcr die objektspezifische Planung und Anwendung erwiesen sich Anwendbarkeitsnachweise und Pr\u00fcfergebnisse f\u00fcr das \u201eConlit Brandschutzsystem\u201c. Sie liegen nach Normbrandversuchen an Massivholz- und Holzbalkendecken sowie an Holzst\u00e4nder- und Massivholzw\u00e4nden seit 2017 vor.\u003C\/p\u003E\n\u003C\/div\u003E\n                        \u003Cspan class=\u0022read-more-arrow-container\u0022\u003E\n            \u003Cspan class=\u0022read-more-angled-arrow\u0022\u003E \u003C\/span\u003E\n          \u003C\/span\u003E\n                  \u003C\/div\u003E\n    \u003C\/a\u003E\n\u003Ca href=\u0022\/planung\/mit-besserer-kameratechnik-im-thermogramm-mehr-erkennen\u0022  class=\u0022teaser teaser--standard\u0022 aria-label=\u0022Mit besserer Kameratechnik im Thermogramm mehr erkennen\u0022\u003E\n      \u003Cdiv class=\u0022teaser-content--image\u0022\u003E\n        \u003Cfigure class=\u0022image--figure\u0022\u003E\n        \u003Cpicture\u003E\n                        \u003Csource srcset=\u0022\/sites\/default\/files\/styles\/teaser_standard__m\/public\/aurora\/2025\/03\/430760.jpeg.webp?itok=3xNzAiTV 1x\u0022 media=\u0022(min-width: 48.0625em) and (max-width: 64em)\u0022 type=\u0022image\/webp\u0022 width=\u0022323\u0022 height=\u0022213\u0022\/\u003E\n                  \u003Csource srcset=\u0022\/sites\/default\/files\/styles\/teaser_standard__l\/public\/aurora\/2025\/03\/430760.jpeg.webp?itok=K2ovM_QE 1x\u0022 media=\u0022(min-width: 64.0625em)\u0022 type=\u0022image\/webp\u0022 width=\u0022203\u0022 height=\u0022134\u0022\/\u003E\n                  \u003Csource srcset=\u0022\/sites\/default\/files\/styles\/teaser_standard__m\/public\/aurora\/2025\/03\/430760.jpeg?itok=WJvFzz9E 1x\u0022 media=\u0022(min-width: 48.0625em) and (max-width: 64em)\u0022 type=\u0022image\/jpeg\u0022 width=\u0022323\u0022 height=\u0022213\u0022\/\u003E\n                  \u003Csource srcset=\u0022\/sites\/default\/files\/styles\/teaser_standard__l\/public\/aurora\/2025\/03\/430760.jpeg?itok=1PLme_CD 1x\u0022 media=\u0022(min-width: 64.0625em)\u0022 type=\u0022image\/jpeg\u0022 width=\u0022203\u0022 height=\u0022134\u0022\/\u003E\n                          \u003Cimg alt=\u0022Bild\u202f1 \u2002Mit einer hoch aufl\u00f6senden Thermografie-Kamera lassen sich Probleme schneller und zuverl\u00e4ssiger erkennen.\u0022 loading=\u0022eager\u0022 data-caption-hide width=\u0022604\u0022 height=\u0022398\u0022 data-zoomed=\u0022https:\/\/www.tech-isolierung.de\/sites\/default\/files\/styles\/content__zoomed\/public\/aurora\/2025\/03\/430760.jpeg?itok=WW-SBrIm\u0022 src=\u0022\/sites\/default\/files\/styles\/teaser_standard__s\/public\/aurora\/2025\/03\/430760.jpeg?itok=0HoQJR2X\u0022 title=\u0022\u00a9 Foto: TeledyneFlir\u0022 \/\u003E\n\n    \u003C\/picture\u003E\n      \u003Cfigcaption class=\u0022image--figcaption\u0022\u003E\n          \u003Cdiv class=\u0022copyright\u0022\u003EFoto: TeledyneFlir\u003C\/div\u003E\n          \u003C\/figcaption\u003E\n\u003C\/figure\u003E\n\n\n    \u003C\/div\u003E\n    \u003Cdiv class=\u0022teaser-content\u0022\u003E\n                    \u003Cdiv class=\u0022teaser-content--kicker\u0022\u003E\n                    \n        \u003C\/div\u003E\n                                              \n                        \n        \u003Ch4 class=\u0022teaser-content--headline\u0022\u003E\n                                Mit besserer Kameratechnik im Thermogramm mehr \n                              \u003Cspan class=\u0022headline-last-word-arrow\u0022\u003Eerkennen              \u003Cspan\n                  class=\u0022permission-lock permission-lock-icon--lock\u0022\u003E\u003C\/span\u003E\n                                  \u003C\/span\u003E\n        \u003C\/h4\u003E\n            \u003Cdiv class=\u0022teaser-content--publishing-date\u0022\u003E\u003Ctime datetime=\u00222025-02-21T16:22:30Z\u0022\u003E21.02.2025\u003C\/time\u003E\n\u003C\/div\u003E\u003Cspan class=\u0022teaser-content--publishing-date-divider\u0022\u003E - \u003C\/span\u003E\u003Cdiv class=\u0022teaser-content--body\u0022\u003E\u003Cp\u003EThermografie- bzw. IR-Kameras vereinfachen die Kontrolle und Instandhaltung technischer Anlagen und machen potenzielle Schadstellen sichtbar. Eine wichtige Voraussetzung ist eine gute IR-Kamera. Was macht sie aus \u2013 und was sind die Unterschiede zwischen der Einstiegs- und Oberklasse? Dipl.-Ing. Marian Behaneck\u003C\/p\u003E\n\u003C\/div\u003E\n                        \u003Cspan class=\u0022read-more-arrow-container\u0022\u003E\n            \u003Cspan class=\u0022read-more-angled-arrow\u0022\u003E \u003C\/span\u003E\n          \u003C\/span\u003E\n                  \u003C\/div\u003E\n    \u003C\/a\u003E\n\u003Ca href=\u0022\/planung\/rohrboegen-gedaemmter-leitungen-richtig-pruefen\u0022  class=\u0022teaser teaser--standard\u0022 aria-label=\u0022Rohrb\u00f6gen ged\u00e4mmter Leitungen richtig pr\u00fcfen\u0022\u003E\n      \u003Cdiv class=\u0022teaser-content--image\u0022\u003E\n        \u003Cfigure class=\u0022image--figure\u0022\u003E\n        \u003Cpicture\u003E\n                        \u003Csource srcset=\u0022\/sites\/default\/files\/styles\/teaser_standard__m\/public\/aurora\/2025\/03\/430835.jpeg.webp?itok=i6jhPK6V 1x\u0022 media=\u0022(min-width: 48.0625em) and (max-width: 64em)\u0022 type=\u0022image\/webp\u0022 width=\u0022323\u0022 height=\u0022208\u0022\/\u003E\n                  \u003Csource srcset=\u0022\/sites\/default\/files\/styles\/teaser_standard__l\/public\/aurora\/2025\/03\/430835.jpeg.webp?itok=PmMRga_u 1x\u0022 media=\u0022(min-width: 64.0625em)\u0022 type=\u0022image\/webp\u0022 width=\u0022203\u0022 height=\u0022131\u0022\/\u003E\n                  \u003Csource srcset=\u0022\/sites\/default\/files\/styles\/teaser_standard__m\/public\/aurora\/2025\/03\/430835.jpeg?itok=EAhMDjdR 1x\u0022 media=\u0022(min-width: 48.0625em) and (max-width: 64em)\u0022 type=\u0022image\/jpeg\u0022 width=\u0022323\u0022 height=\u0022208\u0022\/\u003E\n                  \u003Csource srcset=\u0022\/sites\/default\/files\/styles\/teaser_standard__l\/public\/aurora\/2025\/03\/430835.jpeg?itok=8-r5r0Q6 1x\u0022 media=\u0022(min-width: 64.0625em)\u0022 type=\u0022image\/jpeg\u0022 width=\u0022203\u0022 height=\u0022131\u0022\/\u003E\n                          \u003Cimg alt=\u0022Kein Bauherr w\u00fcrde auf bei einer gemeinsamen Abnahme an mehr als einem Alu-Grobkornbogen die Ausstopfung mit einem dann bleibenden \u201eEindr\u00fccktest\u201c \u00fcberpr\u00fcfen. Auch bei einer Ummantelung mit Formteilen aus PVC-Folie ist er keine geeignete Methode, die Qualit\u00e4t der ausgef\u00fchrten D\u00e4mmung zu \u00fcberpr\u00fcfen.\u0022 loading=\u0022eager\u0022 data-caption-hide width=\u0022619\u0022 height=\u0022398\u0022 data-zoomed=\u0022https:\/\/www.tech-isolierung.de\/sites\/default\/files\/styles\/content__zoomed\/public\/aurora\/2025\/03\/430835.jpeg?itok=vDWK-UHr\u0022 src=\u0022\/sites\/default\/files\/styles\/teaser_standard__s\/public\/aurora\/2025\/03\/430835.jpeg?itok=_BPmktOF\u0022 title=\u0022\u00a9 Foto: photo 5000 \u2013 stock.adobe.om\u0022 \/\u003E\n\n    \u003C\/picture\u003E\n      \u003Cfigcaption class=\u0022image--figcaption\u0022\u003E\n          \u003Cdiv class=\u0022copyright\u0022\u003EFoto: photo 5000 \u2013 stock.adobe.om\u003C\/div\u003E\n          \u003C\/figcaption\u003E\n\u003C\/figure\u003E\n\n\n    \u003C\/div\u003E\n    \u003Cdiv class=\u0022teaser-content\u0022\u003E\n                    \u003Cdiv class=\u0022teaser-content--kicker\u0022\u003E\n                    \n        \u003C\/div\u003E\n                                              \n                        \n        \u003Ch4 class=\u0022teaser-content--headline\u0022\u003E\n                                Rohrb\u00f6gen ged\u00e4mmter Leitungen richtig \n                              \u003Cspan class=\u0022headline-last-word-arrow\u0022\u003Epr\u00fcfen              \u003Cspan\n                  class=\u0022permission-lock permission-lock-icon--lock\u0022\u003E\u003C\/span\u003E\n                                  \u003C\/span\u003E\n        \u003C\/h4\u003E\n            \u003Cdiv class=\u0022teaser-content--publishing-date\u0022\u003E\u003Ctime datetime=\u00222025-02-21T16:22:09Z\u0022\u003E21.02.2025\u003C\/time\u003E\n\u003C\/div\u003E\u003Cspan class=\u0022teaser-content--publishing-date-divider\u0022\u003E - \u003C\/span\u003E\u003Cdiv class=\u0022teaser-content--body\u0022\u003E\u003Cp\u003ERohrb\u00f6gen sind die Schwachstelle bei D\u00e4mmarbeiten von Heizungs- und Trinkwasserleitungen. Was ist also zu tun, wenn Zweifel an der Wirksamkeit der vorgenommenen Arbeiten bestehen? T\u00dcV S\u00dcD empfiehlt, die Qualit\u00e4t der D\u00e4mmungen mittels W\u00e4rmebildverfahren nachweisen zu lassen. Dr.-Ing. Markus Wei\u00dfenberger\u003C\/p\u003E\n\u003C\/div\u003E\n                        \u003Cspan class=\u0022read-more-arrow-container\u0022\u003E\n            \u003Cspan class=\u0022read-more-angled-arrow\u0022\u003E \u003C\/span\u003E\n          \u003C\/span\u003E\n                  \u003C\/div\u003E\n    \u003C\/a\u003E\n\u003Ca href=\u0022\/planung\/das-geheimnis-im-fussboden\u0022  class=\u0022teaser teaser--standard\u0022 aria-label=\u0022Das Geheimnis im Fu\u00dfboden\u0022\u003E\n      \u003Cdiv class=\u0022teaser-content--image\u0022\u003E\n        \u003Cfigure class=\u0022image--figure\u0022\u003E\n        \u003Cpicture\u003E\n                        \u003Csource srcset=\u0022\/sites\/default\/files\/styles\/teaser_standard__m\/public\/aurora\/2025\/03\/431103.jpeg.webp?itok=kyDWNOqH 1x\u0022 media=\u0022(min-width: 48.0625em) and (max-width: 64em)\u0022 type=\u0022image\/webp\u0022 width=\u0022323\u0022 height=\u0022161\u0022\/\u003E\n                  \u003Csource srcset=\u0022\/sites\/default\/files\/styles\/teaser_standard__l\/public\/aurora\/2025\/03\/431103.jpeg.webp?itok=oDbYiy75 1x\u0022 media=\u0022(min-width: 64.0625em)\u0022 type=\u0022image\/webp\u0022 width=\u0022203\u0022 height=\u0022101\u0022\/\u003E\n                  \u003Csource srcset=\u0022\/sites\/default\/files\/styles\/teaser_standard__m\/public\/aurora\/2025\/03\/431103.jpeg?itok=PIImyvIY 1x\u0022 media=\u0022(min-width: 48.0625em) and (max-width: 64em)\u0022 type=\u0022image\/jpeg\u0022 width=\u0022323\u0022 height=\u0022161\u0022\/\u003E\n                  \u003Csource srcset=\u0022\/sites\/default\/files\/styles\/teaser_standard__l\/public\/aurora\/2025\/03\/431103.jpeg?itok=18SbT3JU 1x\u0022 media=\u0022(min-width: 64.0625em)\u0022 type=\u0022image\/jpeg\u0022 width=\u0022203\u0022 height=\u0022101\u0022\/\u003E\n                          \u003Cimg loading=\u0022eager\u0022 data-caption-hide width=\u0022708\u0022 height=\u0022353\u0022 data-zoomed=\u0022https:\/\/www.tech-isolierung.de\/sites\/default\/files\/styles\/content__zoomed\/public\/aurora\/2025\/03\/431103.jpeg?itok=wi9wzFlw\u0022 src=\u0022\/sites\/default\/files\/styles\/teaser_standard__s\/public\/aurora\/2025\/03\/431103.jpeg?itok=xlfsaT6M\u0022 title=\u0022Querschnittsansicht einer Fu\u00dfbodenheizung mit Rohren unter Fliesen- und Holzbodenschichten. - \u00a9 Foto: mattisi - stock.adobe.com\u0022 \/\u003E\n\n    \u003C\/picture\u003E\n      \u003Cfigcaption class=\u0022image--figcaption\u0022\u003E\n          \u003Cdiv class=\u0022copyright\u0022\u003EFoto: mattisi - stock.adobe.com\u003C\/div\u003E\n          \u003C\/figcaption\u003E\n\u003C\/figure\u003E\n\n\n    \u003C\/div\u003E\n    \u003Cdiv class=\u0022teaser-content\u0022\u003E\n                    \u003Cdiv class=\u0022teaser-content--kicker\u0022\u003E\n                    \n        \u003C\/div\u003E\n                                              \n                        \n        \u003Ch4 class=\u0022teaser-content--headline\u0022\u003E\n                                Das Geheimnis im \n                              \u003Cspan class=\u0022headline-last-word-arrow\u0022\u003EFu\u00dfboden                      \u003C\/span\u003E\n        \u003C\/h4\u003E\n            \u003Cdiv class=\u0022teaser-content--publishing-date\u0022\u003E\u003Ctime datetime=\u00222025-02-21T16:22:05Z\u0022\u003E21.02.2025\u003C\/time\u003E\n\u003C\/div\u003E\u003Cspan class=\u0022teaser-content--publishing-date-divider\u0022\u003E - \u003C\/span\u003E\u003Cdiv class=\u0022teaser-content--body\u0022\u003E\u003Cp\u003EMit steigender Beliebtheit wird die Fu\u00dfbodenheizung von vielen Bauherren in die deutschen Wohnh\u00e4user hineingedacht und dann auch gebaut. Und weil ein gro\u00dfer Vorteil dieser Technik die Unsichtbarkeit ist, wird auch schon mal geschummelt.\u003C\/p\u003E\n\u003C\/div\u003E\n                        \u003Cspan class=\u0022read-more-arrow-container\u0022\u003E\n            \u003Cspan class=\u0022read-more-angled-arrow\u0022\u003E \u003C\/span\u003E\n          \u003C\/span\u003E\n                  \u003C\/div\u003E\n    \u003C\/a\u003E\n\u003Ca href=\u0022\/planung\/wie-sich-rohrdurchfuehrungen-wirtschaftlich-abschotten-lassen\u0022  class=\u0022teaser teaser--standard\u0022 aria-label=\u0022Wie sich Rohrdurchf\u00fchrungen wirtschaftlich abschotten lassen\u0022\u003E\n      \u003Cdiv class=\u0022teaser-content--image\u0022\u003E\n        \u003Cfigure class=\u0022image--figure\u0022\u003E\n        \u003Cpicture\u003E\n                        \u003Csource srcset=\u0022\/sites\/default\/files\/styles\/teaser_standard__m\/public\/aurora\/2025\/03\/433493.jpeg.webp?itok=0jxxo4vH 1x\u0022 media=\u0022(min-width: 48.0625em) and (max-width: 64em)\u0022 type=\u0022image\/webp\u0022 width=\u0022186\u0022 height=\u0022242\u0022\/\u003E\n                  \u003Csource srcset=\u0022\/sites\/default\/files\/styles\/teaser_standard__l\/public\/aurora\/2025\/03\/433493.jpeg.webp?itok=tDtAMD1i 1x\u0022 media=\u0022(min-width: 64.0625em)\u0022 type=\u0022image\/webp\u0022 width=\u0022117\u0022 height=\u0022152\u0022\/\u003E\n                  \u003Csource srcset=\u0022\/sites\/default\/files\/styles\/teaser_standard__m\/public\/aurora\/2025\/03\/433493.jpeg?itok=mNmcaqDF 1x\u0022 media=\u0022(min-width: 48.0625em) and (max-width: 64em)\u0022 type=\u0022image\/jpeg\u0022 width=\u0022186\u0022 height=\u0022242\u0022\/\u003E\n                  \u003Csource srcset=\u0022\/sites\/default\/files\/styles\/teaser_standard__l\/public\/aurora\/2025\/03\/433493.jpeg?itok=oV6yJa-Y 1x\u0022 media=\u0022(min-width: 64.0625em)\u0022 type=\u0022image\/jpeg\u0022 width=\u0022117\u0022 height=\u0022152\u0022\/\u003E\n                          \u003Cimg loading=\u0022eager\u0022 data-caption-hide width=\u0022306\u0022 height=\u0022398\u0022 alt=\u0022Bild 1 In der Geb\u00e4udeentw\u00e4sserung werden h\u00e4ufig Gussrohre im Fallstrang und davon abzweigend Kunststoffrohre als Anschlussleitung eingesetzt.\u0022 data-zoomed=\u0022https:\/\/www.tech-isolierung.de\/sites\/default\/files\/styles\/content__zoomed\/public\/aurora\/2025\/03\/433493.jpeg?itok=AroK1Zhk\u0022 src=\u0022\/sites\/default\/files\/styles\/teaser_standard__s\/public\/aurora\/2025\/03\/433493.jpeg?itok=gGTRQHcY\u0022 title=\u0022\u00a9 Foto: Saint-Gobain PAM Building\u0022 \/\u003E\n\n    \u003C\/picture\u003E\n      \u003Cfigcaption class=\u0022image--figcaption\u0022\u003E\n          \u003Cdiv class=\u0022copyright\u0022\u003EFoto: Saint-Gobain PAM Building\u003C\/div\u003E\n          \u003C\/figcaption\u003E\n\u003C\/figure\u003E\n\n\n    \u003C\/div\u003E\n    \u003Cdiv class=\u0022teaser-content\u0022\u003E\n                    \u003Cdiv class=\u0022teaser-content--kicker\u0022\u003E\n                    \n        \u003C\/div\u003E\n                                              \n                        \n        \u003Ch4 class=\u0022teaser-content--headline\u0022\u003E\n                                Wie sich Rohrdurchf\u00fchrungen wirtschaftlich abschotten \n                              \u003Cspan class=\u0022headline-last-word-arrow\u0022\u003Elassen              \u003Cspan\n                  class=\u0022permission-lock permission-lock-icon--lock\u0022\u003E\u003C\/span\u003E\n                                  \u003C\/span\u003E\n        \u003C\/h4\u003E\n            \u003Cdiv class=\u0022teaser-content--publishing-date\u0022\u003E\u003Ctime datetime=\u00222025-02-21T11:48:52Z\u0022\u003E21.02.2025\u003C\/time\u003E\n\u003C\/div\u003E\u003Cspan class=\u0022teaser-content--publishing-date-divider\u0022\u003E - \u003C\/span\u003E\u003Cdiv class=\u0022teaser-content--body\u0022\u003E\u003Cp\u003EBei der Planung und Montage von Rohrleitungen hat sich der vorbeugende Brandschutz zu einem erheblichen Kostenfaktor entwickelt. Einer der Gr\u00fcnde daf\u00fcr ist, dass in den Projekten eine Vielzahl an Werkstoffen zum Einsatz kommt. Folglich gibt es auch den Brandschutz betreffend nicht nur die eine Universall\u00f6sung, die s\u00e4mtliche Anforderungen erf\u00fcllt. Vielmehr gilt es, jeden Anwendungsfall einzeln zu betrachten und die Brandschutzma\u00dfnahmen gezielt darauf auszurichten. M\u00f6glichkeiten, wie Rohrdurchf\u00fchrungen insbesondere bei Materialwechsel in Entw\u00e4sserungssystemen normgerecht und gleichzeitig wirtschaftlich abgeschottet werden k\u00f6nnen, erl\u00e4utert Gerhard Lorbeer\u003C\/p\u003E\n\u003C\/div\u003E\n                        \u003Cspan class=\u0022read-more-arrow-container\u0022\u003E\n            \u003Cspan class=\u0022read-more-angled-arrow\u0022\u003E \u003C\/span\u003E\n          \u003C\/span\u003E\n                  \u003C\/div\u003E\n    \u003C\/a\u003E\n\u003Ca href=\u0022\/planung\/energie-und-kosten-durch-daemmung-rechenzentren-sparen\u0022  class=\u0022teaser teaser--standard\u0022 aria-label=\u0022Energie und Kosten durch D\u00e4mmung in Rechenzentren sparen\u0022\u003E\n      \u003Cdiv class=\u0022teaser-content--image\u0022\u003E\n        \u003Cfigure class=\u0022image--figure\u0022\u003E\n        \u003Cpicture\u003E\n                        \u003Csource srcset=\u0022\/sites\/default\/files\/styles\/teaser_standard__m\/public\/2024-09\/4409532.jpg.webp?itok=7tYwC1kI 1x\u0022 media=\u0022(min-width: 48.0625em) and (max-width: 64em)\u0022 type=\u0022image\/webp\u0022 width=\u0022323\u0022 height=\u0022182\u0022\/\u003E\n                  \u003Csource srcset=\u0022\/sites\/default\/files\/styles\/teaser_standard__l\/public\/2024-09\/4409532.jpg.webp?itok=S4U6lj1x 1x\u0022 media=\u0022(min-width: 64.0625em)\u0022 type=\u0022image\/webp\u0022 width=\u0022203\u0022 height=\u0022114\u0022\/\u003E\n                  \u003Csource srcset=\u0022\/sites\/default\/files\/styles\/teaser_standard__m\/public\/2024-09\/4409532.jpg?itok=BlihD2Kx 1x\u0022 media=\u0022(min-width: 48.0625em) and (max-width: 64em)\u0022 type=\u0022image\/jpeg\u0022 width=\u0022323\u0022 height=\u0022182\u0022\/\u003E\n                  \u003Csource srcset=\u0022\/sites\/default\/files\/styles\/teaser_standard__l\/public\/2024-09\/4409532.jpg?itok=OM3silzJ 1x\u0022 media=\u0022(min-width: 64.0625em)\u0022 type=\u0022image\/jpeg\u0022 width=\u0022203\u0022 height=\u0022114\u0022\/\u003E\n                          \u003Cimg alt=\u0022Das High Performance Cluster LICHTENBERG an der TU Darmstadt ist der schnellste Supercomputer an deutschen Universit\u00e4ten und z\u00e4hlt zu den TOP 100 Hochleistungsrechnern weltweit. Sowohl auf der K\u00e4lteanlage f\u00fcr den Lichtenberg I Rechner als auch beim Ausbau des Projekts (Lichtenberg II) wurden D\u00e4mmstoffe der Firma Armacell zum Schutz der Anlagen vor Energieverlusten und Tauwasser eingesetzt.\u0022 loading=\u0022eager\u0022 data-caption-hide width=\u0022707\u0022 height=\u0022398\u0022 data-zoomed=\u0022https:\/\/www.tech-isolierung.de\/sites\/default\/files\/styles\/content__zoomed\/public\/2024-09\/4409532.jpg?itok=dozPlcju\u0022 src=\u0022\/sites\/default\/files\/styles\/teaser_standard__s\/public\/2024-09\/4409532.jpg?itok=WaiBT-qn\u0022 title=\u0022\u00a9 TU Darmstadt\/\u00aeThorsten Reimann\u0022 \/\u003E\n\n    \u003C\/picture\u003E\n      \u003Cfigcaption class=\u0022image--figcaption\u0022\u003E\n          \u003Cdiv class=\u0022copyright\u0022\u003ETU Darmstadt\/\u00aeThorsten Reimann\u003C\/div\u003E\n          \u003C\/figcaption\u003E\n\u003C\/figure\u003E\n\n\n    \u003C\/div\u003E\n    \u003Cdiv class=\u0022teaser-content\u0022\u003E\n                    \u003Cdiv class=\u0022teaser-content--kicker\u0022\u003E\n                    \n        \u003C\/div\u003E\n                                              \n                        \n        \u003Ch4 class=\u0022teaser-content--headline\u0022\u003E\n                                Energie und Kosten durch D\u00e4mmung in Rechenzentren \n                              \u003Cspan class=\u0022headline-last-word-arrow\u0022\u003Esparen                      \u003C\/span\u003E\n        \u003C\/h4\u003E\n            \u003Cdiv class=\u0022teaser-content--publishing-date\u0022\u003E\u003Ctime datetime=\u00222024-09-04T08:00:57Z\u0022\u003E04.09.2024\u003C\/time\u003E\n\u003C\/div\u003E\u003Cspan class=\u0022teaser-content--publishing-date-divider\u0022\u003E - \u003C\/span\u003E\u003Cdiv class=\u0022teaser-content--body\u0022\u003E\u003Cp\u003EEnergiekosten sind der gr\u00f6\u00dfte Posten in der Bilanz von Rechenzentren. Laut Umweltbundesamt ben\u00f6tigen deutsche Rechenzentren so viel Strom wie vier mittelgro\u00dfe Kraftwerke produzieren und die IT-Branche emittiert weltweit so viel CO\u003Csub\u003E2\u003C\/sub\u003E wie der gesamte Flugverkehr. Bis zu 40 Prozent der Gesamtbetriebskosten eines Rechenzentrums entfallen auf die Energie, die zur K\u00fchlung der enormen Menge an elektronischen Anlagen ben\u00f6tigt wird. Eine optimale D\u00e4mmung der k\u00e4ltetechnischen Anlagen ist eine der einfachsten und effizientesten Ma\u00dfnahmen, um in Rechenzentren Energie zu sparen.\u003C\/p\u003E\n\u003C\/div\u003E\n                        \u003Cspan class=\u0022read-more-arrow-container\u0022\u003E\n            \u003Cspan class=\u0022read-more-angled-arrow\u0022\u003E \u003C\/span\u003E\n          \u003C\/span\u003E\n                  \u003C\/div\u003E\n    \u003C\/a\u003E\n\u003Ca href=\u0022\/planung\/abwaerme-neue-kolbenmaschine-verstromt-co2-negative-waermequellen\u0022  class=\u0022teaser teaser--standard\u0022 aria-label=\u0022Abw\u00e4rme: Neue Kolbenmaschine verstromt CO2-negative W\u00e4rmequellen\u0022\u003E\n      \u003Cdiv class=\u0022teaser-content--image\u0022\u003E\n        \u003Cfigure class=\u0022image--figure\u0022\u003E\n        \u003Cpicture\u003E\n                        \u003Csource srcset=\u0022\/sites\/default\/files\/styles\/teaser_standard__m\/public\/2024-08\/4402861.jpg.webp?itok=L-K7tKhc 1x\u0022 media=\u0022(min-width: 48.0625em) and (max-width: 64em)\u0022 type=\u0022image\/webp\u0022 width=\u0022323\u0022 height=\u0022182\u0022\/\u003E\n                  \u003Csource srcset=\u0022\/sites\/default\/files\/styles\/teaser_standard__l\/public\/2024-08\/4402861.jpg.webp?itok=c-YSDvGw 1x\u0022 media=\u0022(min-width: 64.0625em)\u0022 type=\u0022image\/webp\u0022 width=\u0022203\u0022 height=\u0022114\u0022\/\u003E\n                  \u003Csource srcset=\u0022\/sites\/default\/files\/styles\/teaser_standard__m\/public\/2024-08\/4402861.jpg?itok=G2ScytHN 1x\u0022 media=\u0022(min-width: 48.0625em) and (max-width: 64em)\u0022 type=\u0022image\/jpeg\u0022 width=\u0022323\u0022 height=\u0022182\u0022\/\u003E\n                  \u003Csource srcset=\u0022\/sites\/default\/files\/styles\/teaser_standard__l\/public\/2024-08\/4402861.jpg?itok=F8CzUF0W 1x\u0022 media=\u0022(min-width: 64.0625em)\u0022 type=\u0022image\/jpeg\u0022 width=\u0022203\u0022 height=\u0022114\u0022\/\u003E\n                          \u003Cimg alt=\u0022Die Kolben, der kleinere f\u00fcr den Kompressor und der gr\u00f6\u00dfere f\u00fcr den Expander, sorgen f\u00fcr einen maximalen Wirkungsgrad.\u0022 loading=\u0022eager\u0022 data-caption-hide width=\u0022707\u0022 height=\u0022398\u0022 data-zoomed=\u0022https:\/\/www.tech-isolierung.de\/sites\/default\/files\/styles\/content__zoomed\/public\/2024-08\/4402861.jpg?itok=6x2NWhXe\u0022 src=\u0022\/sites\/default\/files\/styles\/teaser_standard__s\/public\/2024-08\/4402861.jpg?itok=udPX0qZ-\u0022 title=\u0022\u00a9 Empa\u0022 \/\u003E\n\n    \u003C\/picture\u003E\n      \u003Cfigcaption class=\u0022image--figcaption\u0022\u003E\n          \u003Cdiv class=\u0022copyright\u0022\u003EEmpa\u003C\/div\u003E\n          \u003C\/figcaption\u003E\n\u003C\/figure\u003E\n\n\n    \u003C\/div\u003E\n    \u003Cdiv class=\u0022teaser-content\u0022\u003E\n                    \u003Cdiv class=\u0022teaser-content--kicker\u0022\u003E\n                    \n        \u003C\/div\u003E\n                                              \n                        \n        \u003Ch4 class=\u0022teaser-content--headline\u0022\u003E\n                                Abw\u00e4rme: Neue Kolbenmaschine verstromt CO2-negative \n                              \u003Cspan class=\u0022headline-last-word-arrow\u0022\u003EW\u00e4rmequellen                      \u003C\/span\u003E\n        \u003C\/h4\u003E\n            \u003Cdiv class=\u0022teaser-content--publishing-date\u0022\u003E\u003Ctime datetime=\u00222024-08-22T08:41:18Z\u0022\u003E22.08.2024\u003C\/time\u003E\n\u003C\/div\u003E\u003Cspan class=\u0022teaser-content--publishing-date-divider\u0022\u003E - \u003C\/span\u003E\u003Cdiv class=\u0022teaser-content--body\u0022\u003E\u003Cp\u003EEine innovative Technologie, ehemals f\u00fcr Verbrennungsmotoren vorgesehen, findet ihre Anwendung in der Abw\u00e4rmenutzung. Die etavalve GmbH ist ein Spin-off der Empa D\u00fcbendorf und der ETH Z\u00fcrich. Wie durch eine innovative Kolbenmaschine bisher ungenutzte industrielle Abw\u00e4rme wirtschaftlich zu elektrischer Energie umgewandelt wird, ist Thema dieses Beitrags.\u003C\/p\u003E\n\u003C\/div\u003E\n                        \u003Cspan class=\u0022read-more-arrow-container\u0022\u003E\n            \u003Cspan class=\u0022read-more-angled-arrow\u0022\u003E \u003C\/span\u003E\n          \u003C\/span\u003E\n                  \u003C\/div\u003E\n    \u003C\/a\u003E\n\u003Ca href=\u0022\/planung\/nachgefragt-klimaneutral-der-baubranche-bis-2045-klappt-das-noch-herr-moll\u0022  class=\u0022teaser teaser--standard\u0022 aria-label=\u0022Nachgefragt: Klimaneutral in der Baubranche bis 2045 \u2013 klappt das noch, Herr Moll?\u0022\u003E\n      \u003Cdiv class=\u0022teaser-content--image\u0022\u003E\n        \u003Cfigure class=\u0022image--figure\u0022\u003E\n        \u003Cpicture\u003E\n                        \u003Csource srcset=\u0022\/sites\/default\/files\/styles\/teaser_standard__m\/public\/2024-08\/4404572.jpg.webp?itok=G4XRil_g 1x\u0022 media=\u0022(min-width: 48.0625em) and (max-width: 64em)\u0022 type=\u0022image\/webp\u0022 width=\u0022323\u0022 height=\u0022182\u0022\/\u003E\n                  \u003Csource srcset=\u0022\/sites\/default\/files\/styles\/teaser_standard__l\/public\/2024-08\/4404572.jpg.webp?itok=2djpPa9i 1x\u0022 media=\u0022(min-width: 64.0625em)\u0022 type=\u0022image\/webp\u0022 width=\u0022203\u0022 height=\u0022114\u0022\/\u003E\n                  \u003Csource srcset=\u0022\/sites\/default\/files\/styles\/teaser_standard__m\/public\/2024-08\/4404572.jpg?itok=_CxXqHUX 1x\u0022 media=\u0022(min-width: 48.0625em) and (max-width: 64em)\u0022 type=\u0022image\/jpeg\u0022 width=\u0022323\u0022 height=\u0022182\u0022\/\u003E\n                  \u003Csource srcset=\u0022\/sites\/default\/files\/styles\/teaser_standard__l\/public\/2024-08\/4404572.jpg?itok=Uc0Mybxc 1x\u0022 media=\u0022(min-width: 64.0625em)\u0022 type=\u0022image\/jpeg\u0022 width=\u0022203\u0022 height=\u0022114\u0022\/\u003E\n                          \u003Cimg alt=\u0022Florian Moll, Senior Manager S\u0026amp;B Strategy GmbH.\u0022 loading=\u0022eager\u0022 data-caption-hide width=\u0022707\u0022 height=\u0022398\u0022 data-zoomed=\u0022https:\/\/www.tech-isolierung.de\/sites\/default\/files\/styles\/content__zoomed\/public\/2024-08\/4404572.jpg?itok=q7Bg9bPO\u0022 src=\u0022\/sites\/default\/files\/styles\/teaser_standard__s\/public\/2024-08\/4404572.jpg?itok=8N1YUyM2\u0022 title=\u0022\u00a9 S\u0026amp;B Strategy; Florian Moll\u0022 \/\u003E\n\n    \u003C\/picture\u003E\n      \u003Cfigcaption class=\u0022image--figcaption\u0022\u003E\n          \u003Cdiv class=\u0022copyright\u0022\u003ES\u0026B Strategy; Florian Moll\u003C\/div\u003E\n          \u003C\/figcaption\u003E\n\u003C\/figure\u003E\n\n\n    \u003C\/div\u003E\n    \u003Cdiv class=\u0022teaser-content\u0022\u003E\n                    \u003Cdiv class=\u0022teaser-content--kicker\u0022\u003E\n                    \n        \u003C\/div\u003E\n                                              \n                        \n        \u003Ch4 class=\u0022teaser-content--headline\u0022\u003E\n                                Nachgefragt: Klimaneutral in der Baubranche bis 2045 \u2013 klappt das noch, Herr \n                              \u003Cspan class=\u0022headline-last-word-arrow\u0022\u003EMoll?                      \u003C\/span\u003E\n        \u003C\/h4\u003E\n            \u003Cdiv class=\u0022teaser-content--publishing-date\u0022\u003E\u003Ctime datetime=\u00222024-08-09T10:01:24Z\u0022\u003E09.08.2024\u003C\/time\u003E\n\u003C\/div\u003E\u003Cspan class=\u0022teaser-content--publishing-date-divider\u0022\u003E - \u003C\/span\u003E\u003Cdiv class=\u0022teaser-content--body\u0022\u003E\u003Cp\u003ES\u0026amp;B Strategy ist eine Strategieberatung f\u00fcr die Baubranche. Das Unternehmen ver\u00f6ffentlicht in regelm\u00e4\u00dfigen Abst\u00e4nden eine Planerbefragung, die Aufschluss \u00fcber den Markt f\u00fcr Planungsb\u00fcros und freiberuflich Planende sowie die aktuelle Baukonjunktur gibt. Die TI-Redaktion sprach mit Florian Moll, Senior Manager bei S\u0026amp;B Strategy, \u00fcber die Planungsbranche im Bau und das gro\u00dfe Ziel der Klimaneutralit\u00e4t bis 2045.\u003C\/p\u003E\n\u003C\/div\u003E\n                        \u003Cspan class=\u0022read-more-arrow-container\u0022\u003E\n            \u003Cspan class=\u0022read-more-angled-arrow\u0022\u003E \u003C\/span\u003E\n          \u003C\/span\u003E\n                  \u003C\/div\u003E\n    \u003C\/a\u003E\n\u003Ca href=\u0022\/planung\/abwaerme-konzepte-und-tools-fuer-rechenzentren\u0022  class=\u0022teaser teaser--standard\u0022 aria-label=\u0022Abw\u00e4rme: Konzepte und Tools f\u00fcr Rechenzentren \u0022\u003E\n      \u003Cdiv class=\u0022teaser-content--image\u0022\u003E\n        \u003Cfigure class=\u0022image--figure\u0022\u003E\n        \u003Cpicture\u003E\n                        \u003Csource srcset=\u0022\/sites\/default\/files\/styles\/teaser_standard__m\/public\/2024-07\/4399066.jpg.webp?itok=jnYxR6Cz 1x\u0022 media=\u0022(min-width: 48.0625em) and (max-width: 64em)\u0022 type=\u0022image\/webp\u0022 width=\u0022323\u0022 height=\u0022182\u0022\/\u003E\n                  \u003Csource srcset=\u0022\/sites\/default\/files\/styles\/teaser_standard__l\/public\/2024-07\/4399066.jpg.webp?itok=1lJBCLXq 1x\u0022 media=\u0022(min-width: 64.0625em)\u0022 type=\u0022image\/webp\u0022 width=\u0022203\u0022 height=\u0022114\u0022\/\u003E\n                  \u003Csource srcset=\u0022\/sites\/default\/files\/styles\/teaser_standard__m\/public\/2024-07\/4399066.jpg?itok=7KCIVb_5 1x\u0022 media=\u0022(min-width: 48.0625em) and (max-width: 64em)\u0022 type=\u0022image\/jpeg\u0022 width=\u0022323\u0022 height=\u0022182\u0022\/\u003E\n                  \u003Csource srcset=\u0022\/sites\/default\/files\/styles\/teaser_standard__l\/public\/2024-07\/4399066.jpg?itok=qWC8S1Gw 1x\u0022 media=\u0022(min-width: 64.0625em)\u0022 type=\u0022image\/jpeg\u0022 width=\u0022203\u0022 height=\u0022114\u0022\/\u003E\n                          \u003Cimg alt=\u0022Technikzentrale des Rechenzentrums \u201eBerlin 2\u201c des Betreibers NTT Ltd. mit dem W\u00e4rmetauscher f\u00fcr die Abw\u00e4rmeauskopplung\u0022 loading=\u0022eager\u0022 data-caption-hide width=\u0022707\u0022 height=\u0022398\u0022 data-zoomed=\u0022https:\/\/www.tech-isolierung.de\/sites\/default\/files\/styles\/content__zoomed\/public\/2024-07\/4399066.jpg?itok=tZ63vFWU\u0022 src=\u0022\/sites\/default\/files\/styles\/teaser_standard__s\/public\/2024-07\/4399066.jpg?itok=jR4N6thC\u0022 title=\u0022\u00a9 NTT DATA, G\u00fcnter A. Eggers\u0022 \/\u003E\n\n    \u003C\/picture\u003E\n      \u003Cfigcaption class=\u0022image--figcaption\u0022\u003E\n          \u003Cdiv class=\u0022copyright\u0022\u003ENTT DATA, G\u00fcnter A. Eggers\u003C\/div\u003E\n          \u003C\/figcaption\u003E\n\u003C\/figure\u003E\n\n\n    \u003C\/div\u003E\n    \u003Cdiv class=\u0022teaser-content\u0022\u003E\n                    \u003Cdiv class=\u0022teaser-content--kicker\u0022\u003E\n                    \n        \u003C\/div\u003E\n                                              \n                        \n        \u003Ch4 class=\u0022teaser-content--headline\u0022\u003E\n                                Abw\u00e4rme: Konzepte und Tools f\u00fcr \n                              \u003Cspan class=\u0022headline-last-word-arrow\u0022\u003ERechenzentren                      \u003C\/span\u003E\n        \u003C\/h4\u003E\n            \u003Cdiv class=\u0022teaser-content--publishing-date\u0022\u003E\u003Ctime datetime=\u00222024-07-10T13:26:54Z\u0022\u003E10.07.2024\u003C\/time\u003E\n\u003C\/div\u003E\u003Cspan class=\u0022teaser-content--publishing-date-divider\u0022\u003E - \u003C\/span\u003E\u003Cdiv class=\u0022teaser-content--body\u0022\u003E\u003Cp\u003EW\u00e4hrend der Klimaschutz bei der Stromerzeugung gut vorangekommen ist, hat der W\u00e4rmebereich einen hohen Handlungsbedarf, da hier der Anteil an erneuerbaren Energien noch gering ist [1]. Eine treibhausgasarme Erg\u00e4nzung zum Ausbau erneuerbarer Energien kann die Nutzung unvermeidbarer Abw\u00e4rme sein. Ihr Potenzial wird f\u00fcr Deutschland auf 61,9 TWh\/a gesch\u00e4tzt [2]. Neben der Abw\u00e4rme aus energieintensiven Unternehmen (Hoch- und Mitteltemperaturanwendungen) k\u00f6nnen auch Niedertemperaturanwendungen, wie z.B. Rechenzentren, eine attraktive Abw\u00e4rmequelle darstellen.\u003C\/p\u003E\n\u003C\/div\u003E\n                        \u003Cspan class=\u0022read-more-arrow-container\u0022\u003E\n            \u003Cspan class=\u0022read-more-angled-arrow\u0022\u003E \u003C\/span\u003E\n          \u003C\/span\u003E\n                  \u003C\/div\u003E\n    \u003C\/a\u003E\n\u003Ca href=\u0022\/planung\/wohnungsunternehmen-setzen-verstaerkt-auf-serielle-sanierungen\u0022  class=\u0022teaser teaser--standard\u0022 aria-label=\u0022Wohnungsunternehmen setzen verst\u00e4rkt auf serielle Sanierungen\u0022\u003E\n      \u003Cdiv class=\u0022teaser-content--image\u0022\u003E\n        \u003Cfigure class=\u0022image--figure\u0022\u003E\n        \u003Cpicture\u003E\n                        \u003Csource srcset=\u0022\/sites\/default\/files\/styles\/teaser_standard__m\/public\/2024-05\/4412434.jpg.webp?itok=Odg6hrdR 1x\u0022 media=\u0022(min-width: 48.0625em) and (max-width: 64em)\u0022 type=\u0022image\/webp\u0022 width=\u0022323\u0022 height=\u0022182\u0022\/\u003E\n                  \u003Csource srcset=\u0022\/sites\/default\/files\/styles\/teaser_standard__l\/public\/2024-05\/4412434.jpg.webp?itok=w96NE5Bw 1x\u0022 media=\u0022(min-width: 64.0625em)\u0022 type=\u0022image\/webp\u0022 width=\u0022203\u0022 height=\u0022114\u0022\/\u003E\n                  \u003Csource srcset=\u0022\/sites\/default\/files\/styles\/teaser_standard__m\/public\/2024-05\/4412434.jpg?itok=Nq7zjYJL 1x\u0022 media=\u0022(min-width: 48.0625em) and (max-width: 64em)\u0022 type=\u0022image\/jpeg\u0022 width=\u0022323\u0022 height=\u0022182\u0022\/\u003E\n                  \u003Csource srcset=\u0022\/sites\/default\/files\/styles\/teaser_standard__l\/public\/2024-05\/4412434.jpg?itok=CzRJgr89 1x\u0022 media=\u0022(min-width: 64.0625em)\u0022 type=\u0022image\/jpeg\u0022 width=\u0022203\u0022 height=\u0022114\u0022\/\u003E\n                          \u003Cimg alt=\u0022H\u00e4user im Bau\u0022 loading=\u0022eager\u0022 data-caption-hide width=\u0022707\u0022 height=\u0022398\u0022 data-zoomed=\u0022https:\/\/www.tech-isolierung.de\/sites\/default\/files\/styles\/content__zoomed\/public\/2024-05\/4412434.jpg?itok=et9JtodN\u0022 src=\u0022\/sites\/default\/files\/styles\/teaser_standard__s\/public\/2024-05\/4412434.jpg?itok=fPU3bnPJ\u0022 title=\u0022\u00a9 Unsplash, Jocke Wulcan\u0022 \/\u003E\n\n    \u003C\/picture\u003E\n      \u003Cfigcaption class=\u0022image--figcaption\u0022\u003E\n          \u003Cdiv class=\u0022copyright\u0022\u003EUnsplash, Jocke Wulcan\u003C\/div\u003E\n          \u003C\/figcaption\u003E\n\u003C\/figure\u003E\n\n\n    \u003C\/div\u003E\n    \u003Cdiv class=\u0022teaser-content\u0022\u003E\n                    \u003Cdiv class=\u0022teaser-content--kicker\u0022\u003E\n                    \n        \u003C\/div\u003E\n                                              \n                        \n        \u003Ch4 class=\u0022teaser-content--headline\u0022\u003E\n                                Wohnungsunternehmen setzen verst\u00e4rkt auf serielle \n                              \u003Cspan class=\u0022headline-last-word-arrow\u0022\u003ESanierungen                      \u003C\/span\u003E\n        \u003C\/h4\u003E\n            \u003Cdiv class=\u0022teaser-content--publishing-date\u0022\u003E\u003Ctime datetime=\u00222024-05-17T12:59:02Z\u0022\u003E17.05.2024\u003C\/time\u003E\n\u003C\/div\u003E\u003Cspan class=\u0022teaser-content--publishing-date-divider\u0022\u003E - \u003C\/span\u003E\u003Cdiv class=\u0022teaser-content--body\u0022\u003E\u003Cp\u003ELaut Dena-Pressemitteilung gibt es eine hohe Nachfrage im Rahmen der BEG-F\u00f6rderung: Jede sechste Sanierung solle seriell umgesetzt werden.\u003C\/p\u003E\n\u003C\/div\u003E\n                        \u003Cspan class=\u0022read-more-arrow-container\u0022\u003E\n            \u003Cspan class=\u0022read-more-angled-arrow\u0022\u003E \u003C\/span\u003E\n          \u003C\/span\u003E\n                  \u003C\/div\u003E\n    \u003C\/a\u003E\n\u003Ca href=\u0022\/planung\/amev-empfiehlt-bactwin-oeffentlichen-gebaeuden\u0022  class=\u0022teaser teaser--standard\u0022 aria-label=\u0022AMEV empfiehlt \u201eBACtwin in \u00f6ffentlichen Geb\u00e4uden\u201c\u0022\u003E\n      \u003Cdiv class=\u0022teaser-content--image\u0022\u003E\n        \u003Cfigure class=\u0022image--figure\u0022\u003E\n        \u003Cpicture\u003E\n                        \u003Csource srcset=\u0022\/sites\/default\/files\/styles\/teaser_standard__m\/public\/2024-05\/4409835.jpg.webp?itok=SjHBz6w_ 1x\u0022 media=\u0022(min-width: 48.0625em) and (max-width: 64em)\u0022 type=\u0022image\/webp\u0022 width=\u0022323\u0022 height=\u0022182\u0022\/\u003E\n                  \u003Csource srcset=\u0022\/sites\/default\/files\/styles\/teaser_standard__l\/public\/2024-05\/4409835.jpg.webp?itok=8XNtcJkC 1x\u0022 media=\u0022(min-width: 64.0625em)\u0022 type=\u0022image\/webp\u0022 width=\u0022203\u0022 height=\u0022114\u0022\/\u003E\n                  \u003Csource srcset=\u0022\/sites\/default\/files\/styles\/teaser_standard__m\/public\/2024-05\/4409835.jpg?itok=wUnPbLTG 1x\u0022 media=\u0022(min-width: 48.0625em) and (max-width: 64em)\u0022 type=\u0022image\/jpeg\u0022 width=\u0022323\u0022 height=\u0022182\u0022\/\u003E\n                  \u003Csource srcset=\u0022\/sites\/default\/files\/styles\/teaser_standard__l\/public\/2024-05\/4409835.jpg?itok=sMblC_pm 1x\u0022 media=\u0022(min-width: 64.0625em)\u0022 type=\u0022image\/jpeg\u0022 width=\u0022203\u0022 height=\u0022114\u0022\/\u003E\n                          \u003Cimg alt=\u0022Frau an Laptop in Industrieumgebung\u0022 loading=\u0022eager\u0022 data-caption-hide width=\u0022707\u0022 height=\u0022398\u0022 data-zoomed=\u0022https:\/\/www.tech-isolierung.de\/sites\/default\/files\/styles\/content__zoomed\/public\/2024-05\/4409835.jpg?itok=CIYqC07v\u0022 src=\u0022\/sites\/default\/files\/styles\/teaser_standard__s\/public\/2024-05\/4409835.jpg?itok=9oBRt7Hz\u0022 title=\u0022\u00a9 Unsplash, Thisisengineering\u0022 \/\u003E\n\n    \u003C\/picture\u003E\n      \u003Cfigcaption class=\u0022image--figcaption\u0022\u003E\n          \u003Cdiv class=\u0022copyright\u0022\u003EUnsplash, Thisisengineering\u003C\/div\u003E\n          \u003C\/figcaption\u003E\n\u003C\/figure\u003E\n\n\n    \u003C\/div\u003E\n    \u003Cdiv class=\u0022teaser-content\u0022\u003E\n                    \u003Cdiv class=\u0022teaser-content--kicker\u0022\u003E\n                    \n        \u003C\/div\u003E\n                                              \n                        \n        \u003Ch4 class=\u0022teaser-content--headline\u0022\u003E\n                                AMEV empfiehlt \u201eBACtwin in \u00f6ffentlichen \n                              \u003Cspan class=\u0022headline-last-word-arrow\u0022\u003EGeb\u00e4uden\u201c                      \u003C\/span\u003E\n        \u003C\/h4\u003E\n            \u003Cdiv class=\u0022teaser-content--publishing-date\u0022\u003E\u003Ctime datetime=\u00222024-05-08T13:11:31Z\u0022\u003E08.05.2024\u003C\/time\u003E\n\u003C\/div\u003E\u003Cspan class=\u0022teaser-content--publishing-date-divider\u0022\u003E - \u003C\/span\u003E\u003Cdiv class=\u0022teaser-content--body\u0022\u003E\u003Cp\u003EDas Bundesministerium f\u00fcr Wohnen, Stadtentwicklung und Bauwesen hat die neue Empfehlung \u201eBACtwin\u201c des Arbeitskreises Maschinen- und Elektrotechnik staatlicher und kommunaler Verwaltungen (AMEV) mit sofortiger Wirkung als technische Arbeitshilfe eingef\u00fchrt (Erlass vom 12.04.2024), so die AMEV-Pressemitteilung.\u003C\/p\u003E\n\u003C\/div\u003E\n                        \u003Cspan class=\u0022read-more-arrow-container\u0022\u003E\n            \u003Cspan class=\u0022read-more-angled-arrow\u0022\u003E \u003C\/span\u003E\n          \u003C\/span\u003E\n                  \u003C\/div\u003E\n    \u003C\/a\u003E\n","entity_type":"node","used_ids":["",254856,254855,251518,251519,246535,246534,246527,242614,236783,236781,236780,236778,236938,237153,237163,237162,237167,237141,237151],"show_more":""}]